
{"id":15326,"date":"2015-08-24T07:00:28","date_gmt":"2015-08-24T05:00:28","guid":{"rendered":"http:\/\/adamczewski.blog.polityka.pl\/?p=15326"},"modified":"2015-08-24T10:41:52","modified_gmt":"2015-08-24T08:41:52","slug":"to-byly-huczne-dozynki","status":"publish","type":"post","link":"https:\/\/blog.polityka.pl\/adamczewski\/2015\/08\/24\/to-byly-huczne-dozynki\/","title":{"rendered":"To by\u0142y huczne do\u017cynki!"},"content":{"rendered":"<p>Lunapark &#8211; okaza\u0142o si\u0119 &#8211; pojawi\u0142 si\u0119 nie bez przyczyny. W niedziel\u0119 bowiem odby\u0142y si\u0119 w Zatorach gminne do\u017cynki. Ju\u017c dawno nie ogl\u0105da\u0142em tego \u015bwi\u0119ta, wi\u0119c tym ch\u0119tniej pogna\u0142em na boisko i ju\u017c nie biadoli\u0142em, \u017ce ca\u0142a murawa b\u0119dzie do cna zniszczona. Cel bowiem by\u0142 szlachetny, a boisko niew\u0105tpliwie zostanie szybko doprowadzone do normalnego stanu.<br \/>\n<!--more--><br \/>\nObok g\u0142\u00f3wnej estrady do\u017cynkowej ustawiono kiosk z informacjami o naszej gminie. W\u015br\u00f3d nich wyr\u00f3\u017cnia\u0142 si\u0119 pi\u0119knie zilustrowany album &#8222;Mazowsze z kurpiowska dusz\u0105&#8221;, czyli historia Zator\u00f3w i okolic. A dzieje tych okolic si\u0119gaj\u0105 wstecz par\u0119 tysi\u0119cy lat. Tu bowiem odkryto mezolityczne obozowisko sprzed 9 tysi\u0119cy lat ze \u015bladami my\u015bliwych i rybak\u00f3w.<\/p>\n<p>We wsi Lemany odkopano za\u015b cmentarzysko sprzed dw\u00f3ch tysi\u0119cy lat i archeolodzy prowadzili na nim d\u0142ugotrwa\u0142e i owocne badania. Od XIII wieku s\u0105 ju\u017c trwa\u0142e \u015blady pisany o nadaniach tych teren\u00f3w rycerzom i ko\u015bcio\u0142owi.<\/p>\n<p>Dzisiejsze Zatory wielokrotnie przechodzi\u0142y z r\u0105k do r\u0105k i by\u0142y m.in. w\u0142asno\u015bci\u0105 Radziwi\u0142\u0142\u00f3w, Glink\u00f3w, a w okresie mi\u0119dzywojennym Bagniewskich. W tym czasie przebudowano pi\u0119kny pa\u0142ac i niezwyk\u0142ej urody park pa\u0142acowy.<\/p>\n<p>Jakie s\u0105 losy dzisiejsze tej wspania\u0142ej posiad\u0142o\u015bci &#8211; opowiem przy innej okazji. Dzi\u015b jeszcze kilka s\u0142\u00f3w o \u015bwi\u0119cie plon\u00f3w. Opr\u00f3cz tradycyjnego i imponuj\u0105cego wie\u0144ca uczestnicy obejrzeli wyst\u0119py tradycyjnych zespo\u0142\u00f3w z pogranicza Kurpi i Mazowsza, ale tak\u017ce tzw. kapel m\u0142odzie\u017cowych. Odby\u0142 si\u0119 konkurs na nalewki i chleby. A kupi\u0107 i zje\u015b\u0107 mo\u017cna by\u0142o razowiec ze smalcem, kie\u0142basy i kaszanki czy s\u0142ynne pol\u0119dwiczki suszone z Lutobroku. By\u0142y te\u017c s\u0142ynne torty z pu\u0142tuskiego Zamku. <\/p>\n<p>Mnie uda\u0142o si\u0119 znale\u017a\u0107 stoisko z fafernuchami, co jest niezwyk\u0142\u0105 rzadko\u015bci\u0105. Fafernuchy za\u015b to ciasteczka (nie dla ludzi o s\u0142abych z\u0119bach, bo twarde s\u0105 jak ze stali) o aromacie cynamonowym i smaku mocno pieprznym. Mo\u017cna je trzyma\u0107 w spi\u017carni przez par\u0119 miesi\u0119cy bez utraty ich kurpiowskiego smaku.<\/p>\n<p>Wspomn\u0119 jeszcze o cukrowej wacie (w tym nieznanej mi t\u0119czowej) i innych miejscowych dawno zapomnianych smako\u0142ykach. O Lunaparku Tomaszewskich ju\u017c pisa\u0142em. Nie uda\u0142o mi si\u0119 jednak nam\u00f3wi\u0107 Basi na przeja\u017cd\u017ck\u0119 \u0142ab\u0119dziem. A to przecie\u017c niecz\u0119sta okazja.<\/p>\n","protected":false},"excerpt":{"rendered":"<p>Lunapark &#8211; okaza\u0142o si\u0119 &#8211; pojawi\u0142 si\u0119 nie bez przyczyny. W niedziel\u0119 bowiem odby\u0142y si\u0119 w Zatorach gminne do\u017cynki. Ju\u017c dawno nie ogl\u0105da\u0142em tego \u015bwi\u0119ta, wi\u0119c tym ch\u0119tniej pogna\u0142em na boisko i ju\u017c nie biadoli\u0142em, \u017ce ca\u0142a murawa b\u0119dzie do cna zniszczona. Cel bowiem by\u0142 szlachetny, a boisko niew\u0105tpliwie zostanie szybko doprowadzone do normalnego stanu.<\/p>\n","protected":false},"author":2,"featured_media":0,"comment_status":"open","ping_status":"closed","sticky":false,"template":"","format":"standard","meta":{"footnotes":""},"categories":[1],"tags":[],"_links":{"self":[{"href":"https:\/\/blog.polityka.pl\/adamczewski\/wp-json\/wp\/v2\/posts\/15326"}],"collection":[{"href":"https:\/\/blog.polityka.pl\/adamczewski\/wp-json\/wp\/v2\/posts"}],"about":[{"href":"https:\/\/blog.polityka.pl\/adamczewski\/wp-json\/wp\/v2\/types\/post"}],"author":[{"embeddable":true,"href":"https:\/\/blog.polityka.pl\/adamczewski\/wp-json\/wp\/v2\/users\/2"}],"replies":[{"embeddable":true,"href":"https:\/\/blog.polityka.pl\/adamczewski\/wp-json\/wp\/v2\/comments?post=15326"}],"version-history":[{"count":6,"href":"https:\/\/blog.polityka.pl\/adamczewski\/wp-json\/wp\/v2\/posts\/15326\/revisions"}],"predecessor-version":[{"id":15335,"href":"https:\/\/blog.polityka.pl\/adamczewski\/wp-json\/wp\/v2\/posts\/15326\/revisions\/15335"}],"wp:attachment":[{"href":"https:\/\/blog.polityka.pl\/adamczewski\/wp-json\/wp\/v2\/media?parent=15326"}],"wp:term":[{"taxonomy":"category","embeddable":true,"href":"https:\/\/blog.polityka.pl\/adamczewski\/wp-json\/wp\/v2\/categories?post=15326"},{"taxonomy":"post_tag","embeddable":true,"href":"https:\/\/blog.polityka.pl\/adamczewski\/wp-json\/wp\/v2\/tags?post=15326"}],"curies":[{"name":"wp","href":"https:\/\/api.w.org\/{rel}","templated":true}]}}