
{"id":15332,"date":"2015-08-25T07:00:52","date_gmt":"2015-08-25T05:00:52","guid":{"rendered":"http:\/\/adamczewski.blog.polityka.pl\/?p=15332"},"modified":"2015-08-24T20:52:00","modified_gmt":"2015-08-24T18:52:00","slug":"jak-harmonijnie-wspolzyc-z-przyroda","status":"publish","type":"post","link":"https:\/\/blog.polityka.pl\/adamczewski\/2015\/08\/25\/jak-harmonijnie-wspolzyc-z-przyroda\/","title":{"rendered":"Jak harmonijnie wsp\u00f3\u0142\u017cy\u0107 z przyrod\u0105?"},"content":{"rendered":"<p>To jedno z trudniejszych pyta\u0144, przed kt\u00f3rymi cz\u0142owiek staje co rusz. I chyba nie ma na nie satysfakcjonuj\u0105cej odpowiedzi.<br \/>\n<!--more--><br \/>\nWszelka ingerencja ludzi w funkcjonuj\u0105cy raz gorzej, raz lepiej \u015bwiat przyrody na og\u00f3\u0142 przynosi kiepskie rezultaty. Widz\u0119 to wok\u00f3\u0142 siebie.<a href=\"\/wp-content\/uploads\/2015\/08\/Lisy.jpg\"><img loading=\"lazy\" decoding=\"async\" src=\"\/wp-content\/uploads\/2015\/08\/Lisy-1024x682.jpg\" alt=\"EN_01171105_4801\" width=\"620\" height=\"412\" class=\"aligncenter size-large wp-image-15338\" srcset=\"\/adamczewski\/wp-content\/uploads\/2015\/08\/Lisy-1024x682.jpg 1024w, \/adamczewski\/wp-content\/uploads\/2015\/08\/Lisy-300x200.jpg 300w\" sizes=\"(max-width: 620px) 100vw, 620px\" \/><\/a>Lisy przez lata by\u0142y roznosicielami w\u015bcieklizny. Le\u015bnicy wi\u0119c zaj\u0119li si\u0119 przeciwdzia\u0142aniu tej pladze. Co pewien czas widz\u0119 plakaty og\u0142aszaj\u0105ce akcj\u0119 przeciw\u00a0w\u015bciekli\u017anie zalecaj\u0105c\u0105 pilnowanie ps\u00f3w, by nie zjada\u0142y rozrzucanych po lesie szczepionek przeznaczonych dla lis\u00f3w. Po latach tej akcji w\u015bcieklizna wyra\u017anie zmala\u0142a w naszej okolicy. Nie jest ju\u017c gro\u017an\u0105 plag\u0105. Teraz plag\u0105 sta\u0142y si\u0119 lisy, kt\u00f3re rozmno\u017cy\u0142y si\u0119 ponad potrzeby. Zmniejszy\u0142a si\u0119 za to znacznie liczba zaj\u0119cy, kuropatw, ba\u017cant\u00f3w, kt\u00f3rych jaja i piskl\u0119ta zjadaj\u0105 g\u0142odne i zdrowe lisy. Dzi\u015b m\u0142ode zaj\u0105ce sprowadzane s\u0105 do Polski ze S\u0142owacji. A pami\u0119tam jeszcze czasy, gdy od\u0142awiano w tym samym celu nasze zaj\u0105ce zasilaj\u0105ce populacj\u0119 szarak\u00f3w we Francji i w Niemczech.<a href=\"\/wp-content\/uploads\/2015\/08\/B\u00f3br.jpg\"><img loading=\"lazy\" decoding=\"async\" src=\"\/wp-content\/uploads\/2015\/08\/B\u00f3br-1024x780.jpg\" alt=\"EN_01096197_0289\" width=\"620\" height=\"472\" class=\"aligncenter size-large wp-image-15339\" srcset=\"\/adamczewski\/wp-content\/uploads\/2015\/08\/B\u00f3br-1024x780.jpg 1024w, \/adamczewski\/wp-content\/uploads\/2015\/08\/B\u00f3br-300x228.jpg 300w\" sizes=\"(max-width: 620px) 100vw, 620px\" \/><\/a>Kolejn\u0105 plag\u0119 stanowi\u0105 w mojej okolicy bobry. Jeszcze kilkana\u015bcie lat temu nie by\u0142o ich tu wcale. Intensywne prace cz\u0142owieka nad ochron\u0105 bobrowych rodzin prowadzone na Mazurach i biebrza\u0144skich bagnach spowodowa\u0142y ich gwa\u0142towny rozrost. Na p\u00f3\u0142nocy zrobi\u0142o si\u0119 bobrom ciasno. Przemie\u015bci\u0142y si\u0119 wi\u0119c na po\u0142udnie wzd\u0142u\u017c Narwi. Teraz stale natykam si\u0119 na \u017ceremia bobrowe i \u015bci\u0119te przez nie drzewa. Rolnicy walcz\u0105 z budowniczymi tam, kt\u00f3re podtapiaj\u0105 im \u0142\u0105ki. <\/p>\n<p>Jeszcze bardziej narzekaj\u0105 na bobry budowniczowie przeciwpowodziowych wa\u0142\u00f3w. Pi\u0119knie i solidnie umocnione wa\u0142y pod Pu\u0142tuskiem bywaj\u0105 co rusz przekopane na wylot i robotnicy musz\u0105 swoj\u0105 prac\u0119 powtarza\u0107. Wywo\u017cenie od\u0142owionych bobr\u00f3w do rezerwat\u00f3w dla nich przeznaczonych nie pomaga. Nasze okolice widocznie maj\u0105 dla nich wielki urok, bo szybko wracaj\u0105. Polowa\u0107 na nie za\u015b nie mo\u017cna &#8211; s\u0105 pod ochron\u0105.<\/p>\n<p>Na koniec dodam, \u017ce nie jestem my\u015bliwym, ale nie walcz\u0119 (co teraz bardzo modne) z poluj\u0105cymi, bo widz\u0119 wi\u0119cej po\u017cytku z odstrza\u0142u nadmiaru lis\u00f3w, dzik\u00f3w czy nawet bobr\u00f3w ni\u017c z dopuszczenia do ich gwa\u0142townego rozmna\u017cania.<\/p>\n<p>Fot. East News<\/p>\n","protected":false},"excerpt":{"rendered":"<p>To jedno z trudniejszych pyta\u0144, przed kt\u00f3rymi cz\u0142owiek staje co rusz. I chyba nie ma na nie satysfakcjonuj\u0105cej odpowiedzi.<\/p>\n","protected":false},"author":2,"featured_media":0,"comment_status":"open","ping_status":"closed","sticky":false,"template":"","format":"standard","meta":{"footnotes":""},"categories":[1],"tags":[],"_links":{"self":[{"href":"https:\/\/blog.polityka.pl\/adamczewski\/wp-json\/wp\/v2\/posts\/15332"}],"collection":[{"href":"https:\/\/blog.polityka.pl\/adamczewski\/wp-json\/wp\/v2\/posts"}],"about":[{"href":"https:\/\/blog.polityka.pl\/adamczewski\/wp-json\/wp\/v2\/types\/post"}],"author":[{"embeddable":true,"href":"https:\/\/blog.polityka.pl\/adamczewski\/wp-json\/wp\/v2\/users\/2"}],"replies":[{"embeddable":true,"href":"https:\/\/blog.polityka.pl\/adamczewski\/wp-json\/wp\/v2\/comments?post=15332"}],"version-history":[{"count":6,"href":"https:\/\/blog.polityka.pl\/adamczewski\/wp-json\/wp\/v2\/posts\/15332\/revisions"}],"predecessor-version":[{"id":15336,"href":"https:\/\/blog.polityka.pl\/adamczewski\/wp-json\/wp\/v2\/posts\/15332\/revisions\/15336"}],"wp:attachment":[{"href":"https:\/\/blog.polityka.pl\/adamczewski\/wp-json\/wp\/v2\/media?parent=15332"}],"wp:term":[{"taxonomy":"category","embeddable":true,"href":"https:\/\/blog.polityka.pl\/adamczewski\/wp-json\/wp\/v2\/categories?post=15332"},{"taxonomy":"post_tag","embeddable":true,"href":"https:\/\/blog.polityka.pl\/adamczewski\/wp-json\/wp\/v2\/tags?post=15332"}],"curies":[{"name":"wp","href":"https:\/\/api.w.org\/{rel}","templated":true}]}}