
{"id":15371,"date":"2015-09-01T07:00:04","date_gmt":"2015-09-01T05:00:04","guid":{"rendered":"http:\/\/adamczewski.blog.polityka.pl\/?p=15371"},"modified":"2015-08-31T21:45:07","modified_gmt":"2015-08-31T19:45:07","slug":"obzarstwo-w-cenie","status":"publish","type":"post","link":"https:\/\/blog.polityka.pl\/adamczewski\/2015\/09\/01\/obzarstwo-w-cenie\/","title":{"rendered":"Ob\u017carstwo w cenie"},"content":{"rendered":"<p>Niemal ka\u017cda stacja telewizyjna ma po kilka program\u00f3w propaguj\u0105cych ob\u017carstwo. Nie jedzenie, a zw\u0142aszcza kulturalne jedzenie, tylko w\u0142a\u015bnie ob\u017carstwo.<br \/>\n<!--more--><br \/>\nNie b\u0119d\u0119 pastwi\u0142 si\u0119 nad programami, kt\u00f3re ka\u017cdy prawdziwy i kulturalny smakosz skrytykowa\u0142 ju\u017c wielokrotnie. Pomin\u0119 te\u017c wszystkie piekielne kuchnie, kuchenne rewolucje czy \u015bciganie si\u0119 przy stole na dania, kt\u00f3rych normalnie w naszych domach si\u0119 nie jada.<\/p>\n<p>Ostatnio zszokowa\u0142a mnie informacja o m\u0142odym Korea\u0144czyku, kt\u00f3ry ob\u017cera si\u0119 na oczach publiczno\u015bci, czkaj\u0105c, bekaj\u0105c i defekuj\u0105c, a w efekcie zarabia sumy r\u00f3wne kilkuset tysi\u0105com z\u0142otych. Z entuzjastycznego opisu tego &#8222;show&#8221; wysnuwam wniosek, \u017ce wkr\u00f3tce i nasza popkultura b\u0119dzie nas &#8222;\u017cywi\u0107&#8221; podobnym widowiskiem.<\/p>\n<div id=\"attachment_15373\" style=\"width: 630px\" class=\"wp-caption aligncenter\"><a href=\"\/wp-content\/uploads\/2015\/08\/St\u00f3\u0142-czeka-na-go\u015bci.jpg\"><img loading=\"lazy\" decoding=\"async\" aria-describedby=\"caption-attachment-15373\" src=\"\/wp-content\/uploads\/2015\/08\/St\u00f3\u0142-czeka-na-go\u015bci-768x1024.jpg\" alt=\"Fot. P. Adamczewski\" width=\"620\" height=\"826\" class=\"size-large wp-image-15373\" srcset=\"\/adamczewski\/wp-content\/uploads\/2015\/08\/St\u00f3\u0142-czeka-na-go\u015bci-768x1024.jpg 768w, \/adamczewski\/wp-content\/uploads\/2015\/08\/St\u00f3\u0142-czeka-na-go\u015bci-225x300.jpg 225w\" sizes=\"(max-width: 620px) 100vw, 620px\" \/><\/a><p id=\"caption-attachment-15373\" class=\"wp-caption-text\">Fot. P. Adamczewski<\/p><\/div>\n<p>My\u015bl\u0119, \u017ce najwy\u017csza pora, by prawdziwi smakosze zjednoczyli si\u0142y, walcz\u0105c z brakiem kultury w kuchni i za sto\u0142em. M\u00f3wi\u0105c za\u015b wprost &#8211; starajmy si\u0119 przep\u0119dzi\u0107 chamstwo z restauracji, bar\u00f3w, naszych w\u0142asnych jadalni, piknik\u00f3w pod chmurk\u0105 oraz wszelkich miejsc, w kt\u00f3rych jadamy. Niech jedzenie (w sensie spo\u017cywania posi\u0142k\u00f3w) kojarzy nam si\u0119 wy\u0142\u0105cznie z dobrymi manierami i wysok\u0105 kultur\u0105.<\/p>\n","protected":false},"excerpt":{"rendered":"<p>Niemal ka\u017cda stacja telewizyjna ma po kilka program\u00f3w propaguj\u0105cych ob\u017carstwo. Nie jedzenie, a zw\u0142aszcza kulturalne jedzenie, tylko w\u0142a\u015bnie ob\u017carstwo.<\/p>\n","protected":false},"author":2,"featured_media":0,"comment_status":"open","ping_status":"closed","sticky":false,"template":"","format":"standard","meta":{"footnotes":""},"categories":[1],"tags":[],"_links":{"self":[{"href":"https:\/\/blog.polityka.pl\/adamczewski\/wp-json\/wp\/v2\/posts\/15371"}],"collection":[{"href":"https:\/\/blog.polityka.pl\/adamczewski\/wp-json\/wp\/v2\/posts"}],"about":[{"href":"https:\/\/blog.polityka.pl\/adamczewski\/wp-json\/wp\/v2\/types\/post"}],"author":[{"embeddable":true,"href":"https:\/\/blog.polityka.pl\/adamczewski\/wp-json\/wp\/v2\/users\/2"}],"replies":[{"embeddable":true,"href":"https:\/\/blog.polityka.pl\/adamczewski\/wp-json\/wp\/v2\/comments?post=15371"}],"version-history":[{"count":4,"href":"https:\/\/blog.polityka.pl\/adamczewski\/wp-json\/wp\/v2\/posts\/15371\/revisions"}],"predecessor-version":[{"id":15374,"href":"https:\/\/blog.polityka.pl\/adamczewski\/wp-json\/wp\/v2\/posts\/15371\/revisions\/15374"}],"wp:attachment":[{"href":"https:\/\/blog.polityka.pl\/adamczewski\/wp-json\/wp\/v2\/media?parent=15371"}],"wp:term":[{"taxonomy":"category","embeddable":true,"href":"https:\/\/blog.polityka.pl\/adamczewski\/wp-json\/wp\/v2\/categories?post=15371"},{"taxonomy":"post_tag","embeddable":true,"href":"https:\/\/blog.polityka.pl\/adamczewski\/wp-json\/wp\/v2\/tags?post=15371"}],"curies":[{"name":"wp","href":"https:\/\/api.w.org\/{rel}","templated":true}]}}