
{"id":15381,"date":"2015-09-02T07:00:56","date_gmt":"2015-09-02T05:00:56","guid":{"rendered":"http:\/\/adamczewski.blog.polityka.pl\/?p=15381"},"modified":"2015-09-02T08:45:55","modified_gmt":"2015-09-02T06:45:55","slug":"za-oknami-noc-ciemna","status":"publish","type":"post","link":"https:\/\/blog.polityka.pl\/adamczewski\/2015\/09\/02\/za-oknami-noc-ciemna\/","title":{"rendered":"Za oknami noc ciemna"},"content":{"rendered":"<p>Dawno nie by\u0142o takiej ciemnej nocy jak ta dzisiejsza. A ja nie mog\u0119 usn\u0105\u0107.<br \/>\n<!--more--><br \/>\nJeszcze powietrze nasycone mijaj\u0105cym podobno bezpowrotnie gor\u0105cem. Mo\u017ce w\u0142a\u015bnie ten odchodz\u0105cy upa\u0142 powoduje bezsenno\u015b\u0107. I ta nieprawdopodobna cisza. Zazwyczaj noce bywaj\u0105 pe\u0142ne d\u017awi\u0119k\u00f3w. S\u0142ycha\u0107 nocne ptaki, wida\u0107 \u015bmigaj\u0105ce nietoperze, kt\u00f3re te\u017c wydaj\u0105 z siebie &#8222;kosmiczne&#8221; d\u017awi\u0119ki. A tu nic!<\/p>\n<p>Za kilka dni, bo w najbli\u017csz\u0105 sobot\u0119, b\u0119d\u0119 mia\u0142 mi\u0142e odwiedziny. Wybiera si\u0119 do mnie kilkana\u015bcioro uczestnik\u00f3w nadbu\u017ca\u0144skiego Zjazdu. Um\u00f3wili\u015bmy si\u0119 na popo\u0142udniow\u0105 herbat\u0119 (lub, jak kto woli, kaw\u0119), musz\u0119 wi\u0119c wymy\u015bli\u0107 do tego odpowiednie ciasto. Mam wprawdzie jeszcze kilkadziesi\u0105t godzin na te przygotowania, ale lepiej nie odwleka\u0107.<a href=\"\/wp-content\/uploads\/2015\/09\/Napoleonka-na-stole.jpg\"><img loading=\"lazy\" decoding=\"async\" src=\"\/wp-content\/uploads\/2015\/09\/Napoleonka-na-stole-1024x768.jpg\" alt=\"OLYMPUS DIGITAL CAMERA\" width=\"620\" height=\"465\" class=\"aligncenter size-large wp-image-15386\" srcset=\"\/adamczewski\/wp-content\/uploads\/2015\/09\/Napoleonka-na-stole-1024x768.jpg 1024w, \/adamczewski\/wp-content\/uploads\/2015\/09\/Napoleonka-na-stole-300x225.jpg 300w\" sizes=\"(max-width: 620px) 100vw, 620px\" \/><\/a>Ja niestety nie b\u0119d\u0119 m\u00f3g\u0142 w pe\u0142ni uczestniczy\u0107 w zgromadzeniach zjazdowych, bo jestem na do\u015b\u0107 specjalnej diecie, kt\u00f3ra bardzo przeszkadza w \u017cyciu towarzyskim. Mam nadziej\u0119, \u017ce nadrobi\u0119 to podczas kolejnego Zjazdu, kt\u00f3ry odb\u0119dzie si\u0119 zapewne na odleg\u0142ym ko\u0144cu Polski. Tu za\u015b, gdy mam do zgromadzonego Kole\u017ce\u0144stwa tylko krok (kwadrans jazdy samochodem), rozregulowa\u0142em si\u0119 kompletnie. Trudno.<a href=\"\/wp-content\/uploads\/2015\/09\/Tort-morelowy-polukrowany.jpg\"><img loading=\"lazy\" decoding=\"async\" src=\"\/wp-content\/uploads\/2015\/09\/Tort-morelowy-polukrowany-1024x768.jpg\" alt=\"OLYMPUS DIGITAL CAMERA\" width=\"620\" height=\"465\" class=\"aligncenter size-large wp-image-15387\" srcset=\"\/adamczewski\/wp-content\/uploads\/2015\/09\/Tort-morelowy-polukrowany-1024x768.jpg 1024w, \/adamczewski\/wp-content\/uploads\/2015\/09\/Tort-morelowy-polukrowany-300x225.jpg 300w\" sizes=\"(max-width: 620px) 100vw, 620px\" \/><\/a>Ale postaram si\u0119 ten mankament nadrobi\u0107 serdeczno\u015bci\u0105, z jak\u0105 czekam na go\u015bci z r\u00f3\u017cnych stron Polski i zza oceanu.<\/p>\n<p>Ej, chyba b\u0119dzie zupe\u0142nie inne ciasto.<\/p>\n","protected":false},"excerpt":{"rendered":"<p>Dawno nie by\u0142o takiej ciemnej nocy jak ta dzisiejsza. A ja nie mog\u0119 usn\u0105\u0107.<\/p>\n","protected":false},"author":2,"featured_media":0,"comment_status":"open","ping_status":"closed","sticky":false,"template":"","format":"standard","meta":{"footnotes":""},"categories":[1],"tags":[],"_links":{"self":[{"href":"https:\/\/blog.polityka.pl\/adamczewski\/wp-json\/wp\/v2\/posts\/15381"}],"collection":[{"href":"https:\/\/blog.polityka.pl\/adamczewski\/wp-json\/wp\/v2\/posts"}],"about":[{"href":"https:\/\/blog.polityka.pl\/adamczewski\/wp-json\/wp\/v2\/types\/post"}],"author":[{"embeddable":true,"href":"https:\/\/blog.polityka.pl\/adamczewski\/wp-json\/wp\/v2\/users\/2"}],"replies":[{"embeddable":true,"href":"https:\/\/blog.polityka.pl\/adamczewski\/wp-json\/wp\/v2\/comments?post=15381"}],"version-history":[{"count":5,"href":"https:\/\/blog.polityka.pl\/adamczewski\/wp-json\/wp\/v2\/posts\/15381\/revisions"}],"predecessor-version":[{"id":15407,"href":"https:\/\/blog.polityka.pl\/adamczewski\/wp-json\/wp\/v2\/posts\/15381\/revisions\/15407"}],"wp:attachment":[{"href":"https:\/\/blog.polityka.pl\/adamczewski\/wp-json\/wp\/v2\/media?parent=15381"}],"wp:term":[{"taxonomy":"category","embeddable":true,"href":"https:\/\/blog.polityka.pl\/adamczewski\/wp-json\/wp\/v2\/categories?post=15381"},{"taxonomy":"post_tag","embeddable":true,"href":"https:\/\/blog.polityka.pl\/adamczewski\/wp-json\/wp\/v2\/tags?post=15381"}],"curies":[{"name":"wp","href":"https:\/\/api.w.org\/{rel}","templated":true}]}}