
{"id":154,"date":"2007-02-21T08:05:04","date_gmt":"2007-02-21T07:05:04","guid":{"rendered":"http:\/\/adamczewski.blog.polityka.pl\/?p=154"},"modified":"2007-02-21T08:05:04","modified_gmt":"2007-02-21T07:05:04","slug":"zgadnij-co-gotujemy-28","status":"publish","type":"post","link":"https:\/\/blog.polityka.pl\/adamczewski\/2007\/02\/21\/zgadnij-co-gotujemy-28\/","title":{"rendered":"Zgadnij co gotujemy? (28)"},"content":{"rendered":"<p>Jeszcze raz z okazji jubileuszu Polityki nagrod\u0105 b\u0119dzie ksi\u0105\u017cka o historii tygodnika i pracuj\u0105cych przez lata w tu ludziach. Dodatkow\u0105 atrakcj\u0105 b\u0119d\u0105 autografy niekt\u00f3rych z nich. Tym razem jednak pytania b\u0119d\u0105 kulinarne lecz nie dotycz\u0105ce dziej\u00f3w redakcji, cho\u0107 te\u017c b\u0119d\u0105 historyczne. A\u017c takiego zainteresowania sto\u0142em zatrudnieni tu dziennikarze nigdy nie wykazywali. No, oczywi\u015bcie z nielicznymi wyj\u0105tkami, kt\u00f3re ju\u017c opisa\u0142em. A wi\u0119c do roboty!<\/p>\n<p>1- W gmachu Sejmu mie\u015bci si\u0119 restauracja, kt\u00f3r\u0105 do niedawna by\u0142a fili\u0105 s\u0142ynnego krakowskiego lokalu &#8211; jak nazywa\u0142a si\u0119 ta restauracja?<\/p>\n<p>2- Kim by\u0142 patron krakowskiej restauracji Wierzynek i dlaczego znalaz\u0142 si\u0119 na szyldzie g\u0142o\u015bnego lokalu?<\/p>\n<p>3- Jak nazywa\u0142a si\u0119 g\u0142o\u015bna w okresie 20-lecia mi\u0119dzywojennego restauracja w Warszawie, do kt\u00f3rej &#8211; jak g\u0142osi fama &#8211; konno wjecha\u0142 birbant i oficer Wieniawa-D\u0142ugoszowski?<\/p>\n<p>Kto najszybciej przy\u015ble prawid\u0142owe odpowiedzi na wszystkie trzy pytania na adres internet@polityka.com.pl\u00a0 ten zostanie w\u0142a\u015bcicielem ksi\u0105\u017cki &#8222;Polityka i jej ludzie&#8221;.<\/p>\n<p>Czekam wi\u0119c!<\/p>\n","protected":false},"excerpt":{"rendered":"<p>Jeszcze raz z okazji jubileuszu Polityki nagrod\u0105 b\u0119dzie ksi\u0105\u017cka o historii tygodnika i pracuj\u0105cych przez lata w tu ludziach. Dodatkow\u0105 atrakcj\u0105 b\u0119d\u0105 autografy niekt\u00f3rych z nich. Tym razem jednak pytania b\u0119d\u0105 kulinarne lecz nie dotycz\u0105ce dziej\u00f3w redakcji, cho\u0107 te\u017c b\u0119d\u0105 historyczne. A\u017c takiego zainteresowania sto\u0142em zatrudnieni tu dziennikarze nigdy nie wykazywali. No, oczywi\u015bcie z nielicznymi [&hellip;]<\/p>\n","protected":false},"author":2,"featured_media":0,"comment_status":"open","ping_status":"open","sticky":false,"template":"","format":"standard","meta":{"footnotes":""},"categories":[1],"tags":[],"_links":{"self":[{"href":"https:\/\/blog.polityka.pl\/adamczewski\/wp-json\/wp\/v2\/posts\/154"}],"collection":[{"href":"https:\/\/blog.polityka.pl\/adamczewski\/wp-json\/wp\/v2\/posts"}],"about":[{"href":"https:\/\/blog.polityka.pl\/adamczewski\/wp-json\/wp\/v2\/types\/post"}],"author":[{"embeddable":true,"href":"https:\/\/blog.polityka.pl\/adamczewski\/wp-json\/wp\/v2\/users\/2"}],"replies":[{"embeddable":true,"href":"https:\/\/blog.polityka.pl\/adamczewski\/wp-json\/wp\/v2\/comments?post=154"}],"version-history":[{"count":0,"href":"https:\/\/blog.polityka.pl\/adamczewski\/wp-json\/wp\/v2\/posts\/154\/revisions"}],"wp:attachment":[{"href":"https:\/\/blog.polityka.pl\/adamczewski\/wp-json\/wp\/v2\/media?parent=154"}],"wp:term":[{"taxonomy":"category","embeddable":true,"href":"https:\/\/blog.polityka.pl\/adamczewski\/wp-json\/wp\/v2\/categories?post=154"},{"taxonomy":"post_tag","embeddable":true,"href":"https:\/\/blog.polityka.pl\/adamczewski\/wp-json\/wp\/v2\/tags?post=154"}],"curies":[{"name":"wp","href":"https:\/\/api.w.org\/{rel}","templated":true}]}}