
{"id":15414,"date":"2015-09-10T07:05:29","date_gmt":"2015-09-10T05:05:29","guid":{"rendered":"http:\/\/adamczewski.blog.polityka.pl\/?p=15414"},"modified":"2015-09-09T23:03:30","modified_gmt":"2015-09-09T21:03:30","slug":"czy-bedzie-happy-end","status":"publish","type":"post","link":"https:\/\/blog.polityka.pl\/adamczewski\/2015\/09\/10\/czy-bedzie-happy-end\/","title":{"rendered":"Czy b\u0119dzie happy end?"},"content":{"rendered":"<p>Kilka lat temu pisa\u0142em, i to parokrotnie, o sto\u0142ecznych bazarach. Broni\u0142em targowiska przed decyzjami urz\u0119dnik\u00f3w, kt\u00f3rzy je zamykali. Twierdzi\u0142em, \u017ce miasto bez bazar\u00f3w staje si\u0119 martwe.<br \/>\n<!--more--><br \/>\nNa szcz\u0119\u015bcie nie ja jeden podnosi\u0142em raban, ale wielu dziennikarzy tak\u017ce oraz liczna grupa warszawiak\u00f3w, kt\u00f3rzy nawet zawi\u0105zali specjalne stowarzyszenia staraj\u0105ce si\u0119 o ratunek dla bazarowego handlu.<\/p>\n<p>Min\u0119\u0142y lata i wprawdzie cz\u0119\u015b\u0107 bazar\u00f3w znikn\u0119\u0142a, ale cz\u0119\u015b\u0107 zosta\u0142a ucywilizowana i przebudowana. Funkcjonuj\u0105 doskonale. Rozkwit\u0142 te\u017c ruch bazar\u00f3w weekendowych, kt\u00f3re pojawiaj\u0105 si\u0119 nawet w ekskluzywnych dzielnicach. Po zako\u0144czeniu dnia targowego znikaj\u0105 wszystkie \u015bmieci i mieszka\u0144cy okolicy nie narzekaj\u0105, a wprost przeciwnie &#8211; s\u0105 zadowoleni z wizyt handlowc\u00f3w i klient\u00f3w.<\/p>\n<p>Wkr\u00f3tce otwarty zostanie bazar na Ochocie, o kt\u00f3re to miejsce toczy\u0142 si\u0119 za\u017carty b\u00f3j. Nowoczesna hala targowa ju\u017c jest gotowa i trwa nab\u00f3r kupc\u00f3w, kt\u00f3rzy obejm\u0105 stanowiska handlowe wewn\u0105trz.<\/p>\n<p>Przeczyta\u0142em jednak z pewnym niepokojem, \u017ce miejsca handlowe (r\u00f3\u017cni\u0105ce si\u0119 standardem i wielko\u015bci\u0105) b\u0119d\u0105 losowane w\u015br\u00f3d tych, kt\u00f3rzy o nie aplikuj\u0105. M\u00f3j niepok\u00f3j budzi w\u0142a\u015bnie ta metoda. Boj\u0119 si\u0119, \u017ce losowanie rozbudzi silne nami\u0119tno\u015bci i sk\u0142\u00f3ci kupc\u00f3w. A nie chcia\u0142bym, by Bazar Ochota, kt\u00f3ry chyba przyj\u0105\u0142 nazw\u0119 Zieleniak, by\u0142 &#8211; mimo zako\u0144czenia budowy &#8211; zamkni\u0119ty.<\/p>\n","protected":false},"excerpt":{"rendered":"<p>Kilka lat temu pisa\u0142em, i to parokrotnie, o sto\u0142ecznych bazarach. Broni\u0142em targowiska przed decyzjami urz\u0119dnik\u00f3w, kt\u00f3rzy je zamykali. Twierdzi\u0142em, \u017ce miasto bez bazar\u00f3w staje si\u0119 martwe.<\/p>\n","protected":false},"author":2,"featured_media":0,"comment_status":"open","ping_status":"closed","sticky":false,"template":"","format":"standard","meta":{"footnotes":""},"categories":[1],"tags":[],"_links":{"self":[{"href":"https:\/\/blog.polityka.pl\/adamczewski\/wp-json\/wp\/v2\/posts\/15414"}],"collection":[{"href":"https:\/\/blog.polityka.pl\/adamczewski\/wp-json\/wp\/v2\/posts"}],"about":[{"href":"https:\/\/blog.polityka.pl\/adamczewski\/wp-json\/wp\/v2\/types\/post"}],"author":[{"embeddable":true,"href":"https:\/\/blog.polityka.pl\/adamczewski\/wp-json\/wp\/v2\/users\/2"}],"replies":[{"embeddable":true,"href":"https:\/\/blog.polityka.pl\/adamczewski\/wp-json\/wp\/v2\/comments?post=15414"}],"version-history":[{"count":2,"href":"https:\/\/blog.polityka.pl\/adamczewski\/wp-json\/wp\/v2\/posts\/15414\/revisions"}],"predecessor-version":[{"id":15418,"href":"https:\/\/blog.polityka.pl\/adamczewski\/wp-json\/wp\/v2\/posts\/15414\/revisions\/15418"}],"wp:attachment":[{"href":"https:\/\/blog.polityka.pl\/adamczewski\/wp-json\/wp\/v2\/media?parent=15414"}],"wp:term":[{"taxonomy":"category","embeddable":true,"href":"https:\/\/blog.polityka.pl\/adamczewski\/wp-json\/wp\/v2\/categories?post=15414"},{"taxonomy":"post_tag","embeddable":true,"href":"https:\/\/blog.polityka.pl\/adamczewski\/wp-json\/wp\/v2\/tags?post=15414"}],"curies":[{"name":"wp","href":"https:\/\/api.w.org\/{rel}","templated":true}]}}