
{"id":15419,"date":"2015-09-11T07:00:04","date_gmt":"2015-09-11T05:00:04","guid":{"rendered":"http:\/\/adamczewski.blog.polityka.pl\/?p=15419"},"modified":"2015-09-12T08:20:01","modified_gmt":"2015-09-12T06:20:01","slug":"zupa-czyli-troche-radosci","status":"publish","type":"post","link":"https:\/\/blog.polityka.pl\/adamczewski\/2015\/09\/11\/zupa-czyli-troche-radosci\/","title":{"rendered":"Zupa, czyli troch\u0119 rado\u015bci"},"content":{"rendered":"<p>Zaczynaj\u0105 si\u0119 jesienne ponuro\u015bci. Warto wi\u0119c przyrz\u0105dzi\u0107 co\u015b niecodziennego, a przyjemnego lub nawet rozweselaj\u0105cego. Spr\u00f3bowa\u0142em w swoim archiwum wyszuka\u0107 takie zupy i zaproponowa\u0107 je na pi\u0105tek, sobot\u0119 i niedziel\u0119.<br \/>\n<!--more--><br \/>\nW pi\u0105tek niekoniecznie trzeba po\u015bci\u0107. Mo\u017cna wi\u0119c rozweseli\u0107 si\u0119 w ten spos\u00f3b:<\/p>\n<p><strong>Zupa barania (szkocka)<\/strong><br \/>\n<em>P\u00f3\u0142 kg t\u0142ustej baraniny, 2 du\u017ce ziemniaki, 1 brukiew, 2 cebule, 1 marchew, 1 kostka bulionu, 2 l wody, 4 \u0142y\u017cki kaszy j\u0119czmiennej, \u0142\u00f3j barani<\/em><\/p>\n<p>1. W du\u017cym garnku podrumieni\u0107 pokrojon\u0105 w paseczki baranin\u0119 na baranim \u0142oju.<br \/>\n2. Doda\u0107 pokrojone warzywa, kostk\u0119 bulionow\u0105 i wod\u0119. Zagotowa\u0107.<br \/>\n3. Gdy mi\u0119so zmi\u0119knie, doda\u0107 kasz\u0119. Kiedy kasza jest mi\u0119kka &#8211; mo\u017cna zup\u0119 podawa\u0107.<\/p>\n<p>W sobot\u0119 przyjemno\u015b\u0107 winna nam sprawi\u0107 taka zupa:<\/p>\n<p><strong>Zupa aksamitna<\/strong><br \/>\n<em>2 udka z kurczaka, 6 wi\u0119kszych ziemniak\u00f3w, porcja w\u0142oszczyzny bez kapusty, \u0142y\u017cka oliwy, s\u00f3l, pieprz, 3 ziarna ziela angielskiego, li\u015b\u0107 laurowy, go\u017adzik, 1\/2 szklanki s\u0142odkiej \u015bmietanki 12-proc., szczypta startej ga\u0142ki muszkato\u0142owej, \u0142y\u017cka siekanej zielonej pietruszki<\/em><\/p>\n<p>1. Ziemniaki i w\u0142oszczyzn\u0119 obra\u0107, pokroi\u0107 w kostk\u0119.<br \/>\n2. Na rozgrzanej w garnku oliwie obsma\u017cy\u0107 udka, doda\u0107 pokrojone ziemniaki i w\u0142oszczyzn\u0119, posypa\u0107 sol\u0105 i pieprzem, chwil\u0119 sma\u017cy\u0107, wla\u0107 6-8 szklanek wody, doda\u0107 ziele angielskie, li\u015b\u0107 laurowy i go\u017adzik i gotowa\u0107 30 minut pod przykryciem.<br \/>\n3. Kiedy mi\u0119so jest zupe\u0142nie mi\u0119kkie, wyj\u0105\u0107 je, ostudzi\u0107 i po odrzuceniu ko\u015bci drobno pokroi\u0107. Wyj\u0105\u0107 z zupy ziele, listek i go\u017adzik.<br \/>\n4. Zup\u0119 wraz z mi\u0119sem zmiksowa\u0107 na g\u0142adki krem, wla\u0107 \u015bmietank\u0119, doprawi\u0107 raz jeszcze sol\u0105 i pieprzem do smaku, wsypa\u0107 tak\u017ce nieco ga\u0142ki muszkato\u0142owej. Zagrza\u0107, podawa\u0107 z dodatkiem siekanej zielonej pietruszki.<\/p>\n<p>Najbardziej &#8222;niedzielna&#8221; wyda\u0142a mi si\u0119 zupa orzechowa.<\/p>\n<p><strong>Zupa orzechowa z roquefortem<\/strong><br \/>\n<em>Dwie ga\u0142\u0105zki selera naciowego, 1 szklanka orzech\u00f3w w\u0142oskich, 10 dag sera roquefort, 2 \u0142y\u017cki mas\u0142a, 1 cebula, litr bulionu z drobiu, p\u00f3\u0142 szklanki \u015bmietany krem\u00f3wki, m\u0105ka, s\u00f3l, \u015bwie\u017co zmielony pieprz<\/em><\/p>\n<p>1. Seler umy\u0107 i os\u0105czy\u0107. Pokroi\u0107 w kostk\u0119, a li\u015bcie od\u0142o\u017cy\u0107. Cebul\u0119 po obraniu drobno posieka\u0107.<br \/>\n2. Rozgrza\u0107 mas\u0142o w garnku, zeszkli\u0107 cebul\u0119 i kolejno podsma\u017cy\u0107 selera.<br \/>\n3. Posypa\u0107 wszystko dwiema \u0142y\u017ckami m\u0105ki. Zala\u0107 bulionem i \u015bmietan\u0105, mieszaj\u0105c, by nie porobi\u0142y si\u0119 grudki. Zagotowa\u0107.<br \/>\n4. Doprawi\u0107 zup\u0119 sol\u0105 i pieprzem do smaku. Wsypa\u0107 posiekane orzechy w\u0142oskie. Gotowa\u0107 kwadrans.<br \/>\n5. Na koniec doda\u0107 pokruszonego roqueforta i ozdobi\u0107 listkami selera.<\/p>\n","protected":false},"excerpt":{"rendered":"<p>Zaczynaj\u0105 si\u0119 jesienne ponuro\u015bci. Warto wi\u0119c przyrz\u0105dzi\u0107 co\u015b niecodziennego, a przyjemnego lub nawet rozweselaj\u0105cego. Spr\u00f3bowa\u0142em w swoim archiwum wyszuka\u0107 takie zupy i zaproponowa\u0107 je na pi\u0105tek, sobot\u0119 i niedziel\u0119.<\/p>\n","protected":false},"author":2,"featured_media":0,"comment_status":"open","ping_status":"closed","sticky":false,"template":"","format":"standard","meta":{"footnotes":""},"categories":[1],"tags":[],"_links":{"self":[{"href":"https:\/\/blog.polityka.pl\/adamczewski\/wp-json\/wp\/v2\/posts\/15419"}],"collection":[{"href":"https:\/\/blog.polityka.pl\/adamczewski\/wp-json\/wp\/v2\/posts"}],"about":[{"href":"https:\/\/blog.polityka.pl\/adamczewski\/wp-json\/wp\/v2\/types\/post"}],"author":[{"embeddable":true,"href":"https:\/\/blog.polityka.pl\/adamczewski\/wp-json\/wp\/v2\/users\/2"}],"replies":[{"embeddable":true,"href":"https:\/\/blog.polityka.pl\/adamczewski\/wp-json\/wp\/v2\/comments?post=15419"}],"version-history":[{"count":4,"href":"https:\/\/blog.polityka.pl\/adamczewski\/wp-json\/wp\/v2\/posts\/15419\/revisions"}],"predecessor-version":[{"id":15421,"href":"https:\/\/blog.polityka.pl\/adamczewski\/wp-json\/wp\/v2\/posts\/15419\/revisions\/15421"}],"wp:attachment":[{"href":"https:\/\/blog.polityka.pl\/adamczewski\/wp-json\/wp\/v2\/media?parent=15419"}],"wp:term":[{"taxonomy":"category","embeddable":true,"href":"https:\/\/blog.polityka.pl\/adamczewski\/wp-json\/wp\/v2\/categories?post=15419"},{"taxonomy":"post_tag","embeddable":true,"href":"https:\/\/blog.polityka.pl\/adamczewski\/wp-json\/wp\/v2\/tags?post=15419"}],"curies":[{"name":"wp","href":"https:\/\/api.w.org\/{rel}","templated":true}]}}