
{"id":15424,"date":"2015-09-15T07:00:27","date_gmt":"2015-09-15T05:00:27","guid":{"rendered":"http:\/\/adamczewski.blog.polityka.pl\/?p=15424"},"modified":"2015-09-14T14:01:51","modified_gmt":"2015-09-14T12:01:51","slug":"puste-pola","status":"publish","type":"post","link":"https:\/\/blog.polityka.pl\/adamczewski\/2015\/09\/15\/puste-pola\/","title":{"rendered":"Puste pola"},"content":{"rendered":"<p>Lubi\u0119 ten widok. Zachmurzone niebo, kompletnie opustosza\u0142e pola podzielone na kwadraty lub prostok\u0105ty &#8211; jedne ju\u017c zaorane i nawiezione inne jeszcze poro\u015bni\u0119te r\u017cyskiem.<br \/>\n<!--more--><br \/>\nWida\u0107 odleg\u0142e nawet na kilka kilometr\u00f3w domy s\u0105siednich wsi lub fragmenty puszczy. Najbardziej za\u015b cieszy mnie widok na \u0142\u0105ki. Wystarczy\u0142o troch\u0119 deszczu i ju\u017c ziele\u0144 buchn\u0119\u0142\u0105 jak na wiosn\u0119.<br \/>\nPanuje cisza i spok\u00f3j. Dzi\u0119ki lornetce mo\u017cna wypatrzy\u0107 stadka saren skubi\u0105cych traw\u0119 na skraju \u0142\u0105k, a tak\u017ce krocz\u0105ce dostojnie \u017curawie, kt\u00f3re te\u017c znajduj\u0105 tu r\u00f3\u017cne pyszne dania.<a href=\"\/wp-content\/uploads\/2015\/09\/przepi\u00f3reczki.jpg\"><img loading=\"lazy\" decoding=\"async\" src=\"\/wp-content\/uploads\/2015\/09\/przepi\u00f3reczki.jpg\" alt=\"EN_01123697_3709\" width=\"500\" height=\"333\" class=\"aligncenter size-full wp-image-15439\" srcset=\"\/adamczewski\/wp-content\/uploads\/2015\/09\/przepi\u00f3reczki.jpg 500w, \/adamczewski\/wp-content\/uploads\/2015\/09\/przepi\u00f3reczki-300x199.jpg 300w\" sizes=\"(max-width: 500px) 100vw, 500px\" \/><\/a>Jeszcze ciekawszy jest spacer przez \u0142\u0105ki. Za ka\u017cdym razem spotyka si\u0119 d\u0142ugouche zaj\u0105ce, ma\u0142e stadka ba\u017cant\u00f3w pod przewodem dumnego i barwnego koguta. Przy odrobinie szcz\u0119\u015bcia mo\u017cna sp\u0142oszy\u0107 kilka lub nawet kilkana\u015bcie kuropatw.<\/p>\n<p>Wszystkie te zwierzaki najadaj\u0105 si\u0119 na zapas, by od\u0142o\u017cy\u0107 warstewk\u0119 t\u0142uszczu pozwalaj\u0105cego bezpiecznie przetrwa\u0107 zim\u0119.<\/p>\n<p>Je\u015bli spaceruje si\u0119 o zmroku, niemal zawsze spotka si\u0119 chrumkaj\u0105ce ostrzegawczo dziki, czasem za\u015b (gdy szcz\u0119\u015bcie dopisze wyj\u0105tkowo) tak\u017ce kr\u00f3lewskiego w tej okolicy \u0142osia.<a href=\"\/wp-content\/uploads\/2015\/02\/Dzik-East-News.jpg\"><img loading=\"lazy\" decoding=\"async\" src=\"\/wp-content\/uploads\/2015\/02\/Dzik-East-News.jpg\" alt=\"Dzik - East News\" width=\"500\" height=\"334\" class=\"aligncenter size-full wp-image-14236\" srcset=\"\/adamczewski\/wp-content\/uploads\/2015\/02\/Dzik-East-News.jpg 500w, \/adamczewski\/wp-content\/uploads\/2015\/02\/Dzik-East-News-300x200.jpg 300w\" sizes=\"(max-width: 500px) 100vw, 500px\" \/><\/a>Chodzenie po \u0142\u0105kach jest teraz do\u015b\u0107 \u0142atwe, bo s\u0105 one podesch\u0142e. W nieodleg\u0142ym ode mnie Prucie jeszcze nie ma wody. Znikn\u0119\u0142y wi\u0119c bobry, przesuwaj\u0105c si\u0119 do Narwi.<a href=\"\/wp-content\/uploads\/2015\/09\/\u0141o\u015b-brodaty-zza-p\u0142ota.jpg\"><img loading=\"lazy\" decoding=\"async\" src=\"\/wp-content\/uploads\/2015\/09\/\u0141o\u015b-brodaty-zza-p\u0142ota.jpg\" alt=\"Bull moose\" width=\"315\" height=\"480\" class=\"aligncenter size-full wp-image-15440\" srcset=\"\/adamczewski\/wp-content\/uploads\/2015\/09\/\u0141o\u015b-brodaty-zza-p\u0142ota.jpg 315w, \/adamczewski\/wp-content\/uploads\/2015\/09\/\u0141o\u015b-brodaty-zza-p\u0142ota-196x300.jpg 196w\" sizes=\"(max-width: 315px) 100vw, 315px\" \/><\/a>Pocz\u0105tek jesieni na Mazowszu i Kurpiach to bardzo pi\u0119kna pora roku.<\/p>\n","protected":false},"excerpt":{"rendered":"<p>Lubi\u0119 ten widok. Zachmurzone niebo, kompletnie opustosza\u0142e pola podzielone na kwadraty lub prostok\u0105ty &#8211; jedne ju\u017c zaorane i nawiezione inne jeszcze poro\u015bni\u0119te r\u017cyskiem.<\/p>\n","protected":false},"author":2,"featured_media":0,"comment_status":"open","ping_status":"closed","sticky":false,"template":"","format":"standard","meta":{"footnotes":""},"categories":[1],"tags":[],"_links":{"self":[{"href":"https:\/\/blog.polityka.pl\/adamczewski\/wp-json\/wp\/v2\/posts\/15424"}],"collection":[{"href":"https:\/\/blog.polityka.pl\/adamczewski\/wp-json\/wp\/v2\/posts"}],"about":[{"href":"https:\/\/blog.polityka.pl\/adamczewski\/wp-json\/wp\/v2\/types\/post"}],"author":[{"embeddable":true,"href":"https:\/\/blog.polityka.pl\/adamczewski\/wp-json\/wp\/v2\/users\/2"}],"replies":[{"embeddable":true,"href":"https:\/\/blog.polityka.pl\/adamczewski\/wp-json\/wp\/v2\/comments?post=15424"}],"version-history":[{"count":5,"href":"https:\/\/blog.polityka.pl\/adamczewski\/wp-json\/wp\/v2\/posts\/15424\/revisions"}],"predecessor-version":[{"id":15426,"href":"https:\/\/blog.polityka.pl\/adamczewski\/wp-json\/wp\/v2\/posts\/15424\/revisions\/15426"}],"wp:attachment":[{"href":"https:\/\/blog.polityka.pl\/adamczewski\/wp-json\/wp\/v2\/media?parent=15424"}],"wp:term":[{"taxonomy":"category","embeddable":true,"href":"https:\/\/blog.polityka.pl\/adamczewski\/wp-json\/wp\/v2\/categories?post=15424"},{"taxonomy":"post_tag","embeddable":true,"href":"https:\/\/blog.polityka.pl\/adamczewski\/wp-json\/wp\/v2\/tags?post=15424"}],"curies":[{"name":"wp","href":"https:\/\/api.w.org\/{rel}","templated":true}]}}