
{"id":15429,"date":"2015-09-14T07:00:46","date_gmt":"2015-09-14T05:00:46","guid":{"rendered":"http:\/\/adamczewski.blog.polityka.pl\/?p=15429"},"modified":"2015-09-14T14:07:37","modified_gmt":"2015-09-14T12:07:37","slug":"strefa-wolna-od-nienawisci","status":"publish","type":"post","link":"https:\/\/blog.polityka.pl\/adamczewski\/2015\/09\/14\/strefa-wolna-od-nienawisci\/","title":{"rendered":"Strefa wolna od nienawi\u015bci"},"content":{"rendered":"<p>W bie\u017c\u0105cym, czyli 37. numerze POLITYKI, ukaza\u0142a si\u0119 wa\u017cna nota. Redakcja zdecydowanie wyst\u0105pi\u0142a przeciwko mowie nienawi\u015bci (u\u017cywaj\u0105c niestety zamiast tego pi\u0119knego polskiego s\u0142owa anglicyzmu &#8222;hejt&#8221;), kt\u00f3ra opanowa\u0142a w du\u017cej mierze internet, wdzieraj\u0105c si\u0119 czasem tak\u017ce na nasze \u0142amy.<br \/>\n<!--more--><br \/>\nNie wszyscy czytaj\u0105 wydanie papierowe, przytaczam wi\u0119c ow\u0105 not\u0119 (z niewielkimi skr\u00f3tami), cho\u0107 nasz blog nie zawiera wiele przyk\u0142ad\u00f3w, o kt\u00f3rych pisze redakcja.<\/p>\n<p>&#8222;Warto, aby serwis POLITYKA.PL pozosta\u0142 miejscem warto\u015bciowej wymiany pogl\u0105d\u00f3w, gdzie tocz\u0105 si\u0119 dyskusje, nawet za\u017carte, ale pozbawione mowy nienawi\u015bci. Zale\u017cy nam na tym, aby\u015bmy wzajemnie traktowali si\u0119 z szacunkiem. Chcemy, aby POLITYKA.PL by\u0142a miejscem wolnym od radykalizm\u00f3w i anonimowej bezsensownej brutalno\u015bci.<\/p>\n<p>Takie wpisy chcemy promowa\u0107, zamierzamy natomiast usuwa\u0107 wszystkie te, kt\u00f3re:<br \/>\n1. Zawieraj\u0105 gro\u017aby, tre\u015bci wulgarne, obsceniczne, nienawistne, agresywne, dyskryminuj\u0105ce i inne tego rodzaju.<br \/>\n2. Obra\u017caj\u0105 i deprecjonuj\u0105 inne osoby ze wzgl\u0119du na ich pochodzenie, wykonywany zaw\u00f3d, przekonania, wyznanie, \u015bwiatopogl\u0105d, wiek, p\u0142e\u0107 czy orientacj\u0119 seksualn\u0105.<br \/>\n3. Zawieraj\u0105 oskar\u017cenia, kt\u00f3re nie s\u0105 podparte dowodami w postaci ustale\u0144 prokuratury czy wyrok\u00f3w s\u0105d\u00f3w.<br \/>\n4. S\u0105 niezgodne z obowi\u0105zuj\u0105cym prawem, zasadami wsp\u00f3\u0142\u017cycia spo\u0142ecznego i dobrymi obyczajami.<br \/>\n5. Zawieraj\u0105 materia\u0142y i linki reklamowe lub s\u0105 &#8222;\u0142a\u0144cuszkami szcz\u0119\u015bcia&#8221;.<\/p>\n<p>Kto chce si\u0119 wy\u017cy\u0107 &#8211; zapraszamy na inne portale. By\u0107 mo\u017ce to walka z wiatrakami, ale spr\u00f3bujemy. Mamy do\u015b\u0107 j\u0119zykowych i emocjonalnych \u015bmieci zasypuj\u0105cych plac wolno\u015bci, jakim mia\u0142 by\u0107 i mo\u017ce by\u0107 internet&#8221;.<\/p>\n<p>Mam nadziej\u0119, \u017ce wi\u0119kszo\u015b\u0107 uczestnik\u00f3w naszego bloga wyznaje podobne zasady i ch\u0119tnie si\u0119 do nich stosuje. Pozostali b\u0119d\u0105 mie\u0107 k\u0142opot z przemyceniem nienawistnych tre\u015bci na nasze wsp\u00f3lne \u0142amy.<\/p>\n","protected":false},"excerpt":{"rendered":"<p>W bie\u017c\u0105cym, czyli 37. numerze POLITYKI, ukaza\u0142a si\u0119 wa\u017cna nota. Redakcja zdecydowanie wyst\u0105pi\u0142a przeciwko mowie nienawi\u015bci (u\u017cywaj\u0105c niestety zamiast tego pi\u0119knego polskiego s\u0142owa anglicyzmu &#8222;hejt&#8221;), kt\u00f3ra opanowa\u0142a w du\u017cej mierze internet, wdzieraj\u0105c si\u0119 czasem tak\u017ce na nasze \u0142amy.<\/p>\n","protected":false},"author":2,"featured_media":0,"comment_status":"open","ping_status":"closed","sticky":false,"template":"","format":"standard","meta":{"footnotes":""},"categories":[1],"tags":[],"_links":{"self":[{"href":"https:\/\/blog.polityka.pl\/adamczewski\/wp-json\/wp\/v2\/posts\/15429"}],"collection":[{"href":"https:\/\/blog.polityka.pl\/adamczewski\/wp-json\/wp\/v2\/posts"}],"about":[{"href":"https:\/\/blog.polityka.pl\/adamczewski\/wp-json\/wp\/v2\/types\/post"}],"author":[{"embeddable":true,"href":"https:\/\/blog.polityka.pl\/adamczewski\/wp-json\/wp\/v2\/users\/2"}],"replies":[{"embeddable":true,"href":"https:\/\/blog.polityka.pl\/adamczewski\/wp-json\/wp\/v2\/comments?post=15429"}],"version-history":[{"count":5,"href":"https:\/\/blog.polityka.pl\/adamczewski\/wp-json\/wp\/v2\/posts\/15429\/revisions"}],"predecessor-version":[{"id":15431,"href":"https:\/\/blog.polityka.pl\/adamczewski\/wp-json\/wp\/v2\/posts\/15429\/revisions\/15431"}],"wp:attachment":[{"href":"https:\/\/blog.polityka.pl\/adamczewski\/wp-json\/wp\/v2\/media?parent=15429"}],"wp:term":[{"taxonomy":"category","embeddable":true,"href":"https:\/\/blog.polityka.pl\/adamczewski\/wp-json\/wp\/v2\/categories?post=15429"},{"taxonomy":"post_tag","embeddable":true,"href":"https:\/\/blog.polityka.pl\/adamczewski\/wp-json\/wp\/v2\/tags?post=15429"}],"curies":[{"name":"wp","href":"https:\/\/api.w.org\/{rel}","templated":true}]}}