
{"id":15451,"date":"2015-09-18T07:00:41","date_gmt":"2015-09-18T05:00:41","guid":{"rendered":"http:\/\/adamczewski.blog.polityka.pl\/?p=15451"},"modified":"2015-09-16T09:34:45","modified_gmt":"2015-09-16T07:34:45","slug":"nie-bojcie-sie-szerszeni","status":"publish","type":"post","link":"https:\/\/blog.polityka.pl\/adamczewski\/2015\/09\/18\/nie-bojcie-sie-szerszeni\/","title":{"rendered":"Nie b\u00f3jcie si\u0119 szerszeni!"},"content":{"rendered":"<p>Wczoraj wieczorem wlecia\u0142 do mojej sypialni szersze\u0144. Obaj wpadli\u015bmy w pop\u0142och.<br \/>\n<!--more--><br \/>\nWygl\u0105da bowiem ten owad niebywale gro\u017anie. Kr\u0105\u017c\u0105 te\u017c opowie\u015bci o \u015bmiertelnych u\u017c\u0105dleniach szerszeni i ich niebywa\u0142ej agresywno\u015bci.<a href=\"\/wp-content\/uploads\/2015\/09\/Szersze\u0144.jpg\"><img loading=\"lazy\" decoding=\"async\" src=\"\/wp-content\/uploads\/2015\/09\/Szersze\u0144-1024x682.jpg\" alt=\"Szersze\u0144\" width=\"620\" height=\"412\" class=\"aligncenter size-large wp-image-15455\" srcset=\"\/adamczewski\/wp-content\/uploads\/2015\/09\/Szersze\u0144-1024x682.jpg 1024w, \/adamczewski\/wp-content\/uploads\/2015\/09\/Szersze\u0144-300x200.jpg 300w\" sizes=\"(max-width: 620px) 100vw, 620px\" \/><\/a>Stara\u0142em si\u0119 wi\u0119c unieszkodliwi\u0107 &#8222;potwora&#8221;, zanim nas zabije. On jednak wcale nie atakowa\u0142,\u00a0lecz stara\u0142 si\u0119 znale\u017a\u0107 wyj\u015bcie i pe\u0142za\u0142 po oknie. Ryzykuj\u0105c wi\u0119c, \u017ce mnie u\u017c\u0105dli i b\u0119d\u0119 musia\u0142 gna\u0107 do Pu\u0142tuska na pogotowie, otworzy\u0142em okno, a owad zadowolony woln\u0105 przestrzeni\u0105 odlecia\u0142. Nie wymachiwa\u0142em przy tym r\u0119kami ani nie wydawa\u0142em \u017cadnych okrzyk\u00f3w. Okaza\u0142o si\u0119, \u017ce to w\u0142a\u015bciwe zachowanie podczas takiego spotkania.<\/p>\n<p>Wiedz\u0105c, \u017ce jesie\u0144 to pora wyj\u0105tkowego o\u017cywienia \u017c\u0105dl\u0105cych owad\u00f3w, si\u0119gn\u0105\u0142em do w\u0142a\u015bciwej literatury:<\/p>\n<blockquote><p>Szersze\u0144 (Vespa crabro) &#8211; ten budz\u0105cy prawdziw\u0105 groz\u0119 owad jest najwi\u0119ksz\u0105 \u017c\u0105d\u0142\u00f3wk\u0105 \u017cyj\u0105c\u0105 w Europie. Okazuje si\u0119 jednak, i\u017c pomimo najwi\u0119kszego worka jadowego podczas \u017c\u0105dlenia uwalnia \u015brednio o 90 proc. mniej jadu ani\u017celi pszczo\u0142a. Ciekawostk\u0105 jest te\u017c toksyczno\u015b\u0107 jadu szerszenia, kt\u00f3ra jest kilkakrotnie ni\u017csza ni\u017c u pszczo\u0142y. <\/p>\n<p>Jest jednak co\u015b, co powoduje, \u017ce odwieczny strach przed tymi owadami jest uzasadniony. Ot\u00f3\u017c, jak wykaza\u0142y badania, w sk\u0142adzie jadu szerszenia jest wi\u0119cej zwi\u0105zku chemicznego odpowiedzialnego za b\u00f3l. W po\u0142\u0105czeniu z g\u0142\u0119boko\u015bci\u0105 penetracji \u017c\u0105d\u0142a mamy do czynienia z czynnikiem zdecydowanie bardziej przykrym. Kolejn\u0105 ciekawostk\u0105 jest fakt, i\u017c szersze\u0144 potrafi prysn\u0105\u0107 jadem na odleg\u0142o\u015b\u0107 kilkudziesi\u0119ciu centymetr\u00f3w &#8211; w celu o\u015blepienia intruza. St\u0105d te\u017c, przy usuwaniu gniazda szerszeni, nie wystarczy zwyk\u0142a os\u0142ona g\u0142owy jak w przypadku pszcz\u00f3\u0142 czy os &#8211; niezb\u0119dne s\u0105 okulary ochronne. <\/p>\n<p>Szerszenie doskonale lokalizuj\u0105 umiejscowienie oczu i potrafi\u0105 z precyzj\u0105 &#8222;wystrzeli\u0107&#8221; jad w ich stron\u0119, w sporej ilo\u015bci. Nie wolno r\u00f3wnie\u017c zapomina\u0107 o reakcjach alergicznych czy te\u017c wstrz\u0105sie anafilaktycznym, kt\u00f3re mog\u0105 wyst\u0105pi\u0107 po u\u017c\u0105dleniu. \u017badnej \u017c\u0105d\u0142\u00f3wki nie powinno si\u0119 lekcewa\u017cy\u0107. <\/p>\n<p>Nie znaczy to jednak, \u017ce mamy je bezmy\u015blnie zabija\u0107. Szerszenie s\u0105 w zasadzie owadami po\u017cytecznymi i spe\u0142niaj\u0105 wa\u017cn\u0105 rol\u0119 w zale\u017cno\u015bciach biocenotycznych. Poluj\u0105 na inne owady, ograniczaj\u0105c ich liczebno\u015b\u0107 &#8211; cz\u0119sto szkodniki p\u00f3l i las\u00f3w. Do szerszeni z ca\u0142\u0105 pewno\u015bci\u0105 nale\u017cy mie\u0107 respekt. <\/p>\n<p>Nie jest jednak wskazane wpadanie w panik\u0119, gdy ju\u017c znajd\u0105 si\u0119 w naszym otoczeniu. Machanie r\u0119kami i gwa\u0142towne reakcje z naszej strony nie tylko nie pomog\u0105 nam unikn\u0105\u0107 u\u017c\u0105dlenia, ale wr\u0119cz sprowokuj\u0105 owada do reakcji obronnych. Pami\u0119ta\u0107 warto r\u00f3wnie\u017c, \u017ce \u017c\u0105d\u0142\u00f3wki s\u0105 bardzo agresywne w obr\u0119bie swojego gniazda, poza nim zachowuj\u0105 si\u0119 o wiele spokojniej. (Artur Hampel)<\/p><\/blockquote>\n<p>Teraz je\u015bli nast\u0105pi kolejne spotkanie z szerszeniem, b\u0119d\u0119 znacznie spokojniejszy. A do takiej wizyty na pewno dojdzie, bo w\u0142a\u015bnie jesie\u0144 jest okresem o\u017cywienia os i szerszeni.<\/p>\n","protected":false},"excerpt":{"rendered":"<p>Wczoraj wieczorem wlecia\u0142 do mojej sypialni szersze\u0144. Obaj wpadli\u015bmy w pop\u0142och.<\/p>\n","protected":false},"author":2,"featured_media":0,"comment_status":"open","ping_status":"closed","sticky":false,"template":"","format":"standard","meta":{"footnotes":""},"categories":[1],"tags":[],"_links":{"self":[{"href":"https:\/\/blog.polityka.pl\/adamczewski\/wp-json\/wp\/v2\/posts\/15451"}],"collection":[{"href":"https:\/\/blog.polityka.pl\/adamczewski\/wp-json\/wp\/v2\/posts"}],"about":[{"href":"https:\/\/blog.polityka.pl\/adamczewski\/wp-json\/wp\/v2\/types\/post"}],"author":[{"embeddable":true,"href":"https:\/\/blog.polityka.pl\/adamczewski\/wp-json\/wp\/v2\/users\/2"}],"replies":[{"embeddable":true,"href":"https:\/\/blog.polityka.pl\/adamczewski\/wp-json\/wp\/v2\/comments?post=15451"}],"version-history":[{"count":4,"href":"https:\/\/blog.polityka.pl\/adamczewski\/wp-json\/wp\/v2\/posts\/15451\/revisions"}],"predecessor-version":[{"id":15453,"href":"https:\/\/blog.polityka.pl\/adamczewski\/wp-json\/wp\/v2\/posts\/15451\/revisions\/15453"}],"wp:attachment":[{"href":"https:\/\/blog.polityka.pl\/adamczewski\/wp-json\/wp\/v2\/media?parent=15451"}],"wp:term":[{"taxonomy":"category","embeddable":true,"href":"https:\/\/blog.polityka.pl\/adamczewski\/wp-json\/wp\/v2\/categories?post=15451"},{"taxonomy":"post_tag","embeddable":true,"href":"https:\/\/blog.polityka.pl\/adamczewski\/wp-json\/wp\/v2\/tags?post=15451"}],"curies":[{"name":"wp","href":"https:\/\/api.w.org\/{rel}","templated":true}]}}