
{"id":15468,"date":"2015-09-22T09:21:34","date_gmt":"2015-09-22T07:21:34","guid":{"rendered":"http:\/\/adamczewski.blog.polityka.pl\/?p=15468"},"modified":"2015-09-22T11:39:59","modified_gmt":"2015-09-22T09:39:59","slug":"warszawa-jest-zbyt-blisko","status":"publish","type":"post","link":"https:\/\/blog.polityka.pl\/adamczewski\/2015\/09\/22\/warszawa-jest-zbyt-blisko\/","title":{"rendered":"Warszawa jest zbyt blisko"},"content":{"rendered":"<p>Jeszcze niedawno cieszy\u0142em si\u0119, \u017ce m\u00f3j sto\u0142eczny dom jest tak blisko wsi, w kt\u00f3rej sp\u0119dzam wiosenno-letnio-jesienne miesi\u0105ce.<br \/>\n<!--more--><br \/>\n65 kilometr\u00f3w &#8211; zw\u0142aszcza po wybudowaniu obwodnicy Serocka &#8211; pokonuj\u0119 zwykle w godzin\u0119. Najwi\u0119cej czasu zajmuje wyjazd z Mokotowa na Most P\u00f3\u0142nocny. Nie je\u017cd\u017c\u0119 te\u017c w tzw. godzinach szczytu, kiedy warszawiacy doje\u017cd\u017caj\u0105 do pracy i z niej wracaj\u0105. Podr\u00f3\u017ce na wie\u015b nie s\u0105 wi\u0119c uci\u0105\u017cliwe.<\/p>\n<p>W tym roku przekona\u0142em si\u0119 jednak, \u017ce ta odleg\u0142o\u015b\u0107 mo\u017ce by\u0107 uci\u0105\u017cliwa. Moi pracodawcy bowiem zapami\u0119tali, i\u017c mog\u0119 by\u0107 na ka\u017cde wezwanie. Korzystaj\u0105 wi\u0119c z tego i &#8222;zapraszaj\u0105&#8221; mnie na r\u00f3\u017cne godziny &#8211; to do studia radia TOK FM, to do redakcji POLITYKI, to na plan telewizyjny. Przecie\u017c wystarczy godzina z kwadransem i ju\u017c jestem na miejscu.<\/p>\n<p>Czasem takie wezwania (zwykle nie do odrzucenia) rujnuj\u0105 ca\u0142y plan pracy misternie utkany na ca\u0142y dzie\u0144, a czasem i na tydzie\u0144.<\/p>\n<p>Z tego te\u017c powodu w\u0142a\u015bnie w lecie zdarzaj\u0105 mi si\u0119 wpadki takie jak dzi\u015b. Nie zd\u0105\u017cy\u0142em wymy\u015bli\u0107 i napisa\u0107 tematu wpisu wtorkowego. Czasem taka nieobecno\u015b\u0107 wprawia przyjaci\u00f3\u0142 blogowych &#8211; znajomych od lat &#8211; w pop\u0142och: nie ma nowego tekstu, nawali\u0142 czy co\u015b si\u0119 sta\u0142o?<a href=\"\/wp-content\/uploads\/2009\/12\/dom-jesienia-pc030001.jpg\"><img loading=\"lazy\" decoding=\"async\" src=\"\/wp-content\/uploads\/2009\/12\/dom-jesienia-pc030001.jpg\" alt=\"dom-jesienia-pc030001\" width=\"640\" height=\"480\" class=\"aligncenter size-full wp-image-1397\" srcset=\"\/adamczewski\/wp-content\/uploads\/2009\/12\/dom-jesienia-pc030001.jpg 640w, \/adamczewski\/wp-content\/uploads\/2009\/12\/dom-jesienia-pc030001-300x225.jpg 300w\" sizes=\"(max-width: 640px) 100vw, 640px\" \/><\/a>Tym razem nic si\u0119 nie sta\u0142o. Po prostu wczoraj niespodziewanie pogna\u0142em do Warszawy i wr\u00f3ci\u0142em na tyle p\u00f3\u017ano, \u017ce nie mia\u0142em ju\u017c si\u0142 na kontakt z komputerem. No to do jutra!<\/p>\n","protected":false},"excerpt":{"rendered":"<p>Jeszcze niedawno cieszy\u0142em si\u0119, \u017ce m\u00f3j sto\u0142eczny dom jest tak blisko wsi, w kt\u00f3rej sp\u0119dzam wiosenno-letnio-jesienne miesi\u0105ce.<\/p>\n","protected":false},"author":2,"featured_media":0,"comment_status":"open","ping_status":"closed","sticky":false,"template":"","format":"standard","meta":{"footnotes":""},"categories":[1],"tags":[],"_links":{"self":[{"href":"https:\/\/blog.polityka.pl\/adamczewski\/wp-json\/wp\/v2\/posts\/15468"}],"collection":[{"href":"https:\/\/blog.polityka.pl\/adamczewski\/wp-json\/wp\/v2\/posts"}],"about":[{"href":"https:\/\/blog.polityka.pl\/adamczewski\/wp-json\/wp\/v2\/types\/post"}],"author":[{"embeddable":true,"href":"https:\/\/blog.polityka.pl\/adamczewski\/wp-json\/wp\/v2\/users\/2"}],"replies":[{"embeddable":true,"href":"https:\/\/blog.polityka.pl\/adamczewski\/wp-json\/wp\/v2\/comments?post=15468"}],"version-history":[{"count":4,"href":"https:\/\/blog.polityka.pl\/adamczewski\/wp-json\/wp\/v2\/posts\/15468\/revisions"}],"predecessor-version":[{"id":15470,"href":"https:\/\/blog.polityka.pl\/adamczewski\/wp-json\/wp\/v2\/posts\/15468\/revisions\/15470"}],"wp:attachment":[{"href":"https:\/\/blog.polityka.pl\/adamczewski\/wp-json\/wp\/v2\/media?parent=15468"}],"wp:term":[{"taxonomy":"category","embeddable":true,"href":"https:\/\/blog.polityka.pl\/adamczewski\/wp-json\/wp\/v2\/categories?post=15468"},{"taxonomy":"post_tag","embeddable":true,"href":"https:\/\/blog.polityka.pl\/adamczewski\/wp-json\/wp\/v2\/tags?post=15468"}],"curies":[{"name":"wp","href":"https:\/\/api.w.org\/{rel}","templated":true}]}}