
{"id":15473,"date":"2015-09-23T07:00:42","date_gmt":"2015-09-23T05:00:42","guid":{"rendered":"http:\/\/adamczewski.blog.polityka.pl\/?p=15473"},"modified":"2015-09-23T00:38:54","modified_gmt":"2015-09-22T22:38:54","slug":"maliny-jezyny-truskawki-i-reszta","status":"publish","type":"post","link":"https:\/\/blog.polityka.pl\/adamczewski\/2015\/09\/23\/maliny-jezyny-truskawki-i-reszta\/","title":{"rendered":"Maliny, je\u017cyny, truskawki i reszta"},"content":{"rendered":"<p>Pogoda zmienia si\u0119 z dnia na dzie\u0144. Wczoraj by\u0142o d\u017cd\u017cysto i zimno, a dzi\u015b (we wtorek) pe\u0142ne s\u0142o\u0144ce, ciep\u0142o, bezwietrznie. S\u0142owem: jeszcze kawa\u0142ek lata.<br \/>\n<!--more--><br \/>\nPodobnie letnia atmosfera atmosfera panowa\u0142a i w Pu\u0142tusku. O\u017cy\u0142y targowiska. Ma\u0142e &#8211; na g\u00f3rce obok poczty, i du\u017ce &#8211; na Rynku. Kupcy, kt\u00f3rzy w ch\u0142odne, deszczowe dni wygl\u0105dali na zrezygnowanych, a ich stoiska wyra\u017anie pustawe, w ten targowy wtorek o\u017cywili si\u0119 i przywie\u017ali \u015bwie\u017cy towar.<\/p>\n<p>Ze zdumieniem zobaczy\u0142em truskawki i zach\u0119cony przez znajom\u0105 sprzedawczyni\u0119 owoc\u00f3w i warzyw &#8211; spr\u00f3bowa\u0142em. Tak pysznych truskawek nie jad\u0142em nawet w szczycie sezonu. By\u0142y s\u0142odkie i aromatyczne. Natychmiast kupi\u0142em ca\u0142y koszyczek.<\/p>\n<p>R\u00f3wnie smacznie prezentowa\u0142y si\u0119 maliny. Te\u017c trafi\u0142y do mojego baga\u017cnika. Ale najwi\u0119cej rado\u015bci sprawi\u0142y mi je\u017cyny. By\u0142y olbrzymie i pe\u0142ne soku. Wprawdzie te, kt\u00f3re czasem znajduj\u0119 rosn\u0105ce dziko w lesie, bywaj\u0105 jeszcze lepsze, ale te z plantacji smakowa\u0142y niemal tak samo. Wi\u0119ksz\u0105 ich cz\u0119\u015b\u0107 kupi\u0142em na konfitury.<\/p>\n<p>Sporo czasu sp\u0119dzi\u0142em przy stoiskach z pomidorami. Na ka\u017cdym stoisku pr\u00f3bowa\u0142em ich, zajadaj\u0105c jak jab\u0142ka. Dzi\u0119ki temu wyjecha\u0142em z targu z p\u0119katym brzuchem, ale r\u00f3wnie pe\u0142nym wielkim koszem.<a href=\"\/wp-content\/uploads\/2010\/09\/pomidory.jpg\"><img loading=\"lazy\" decoding=\"async\" src=\"\/wp-content\/uploads\/2010\/09\/pomidory.jpg\" alt=\"pomidory\" width=\"640\" height=\"480\" class=\"aligncenter size-full wp-image-1964\" srcset=\"\/adamczewski\/wp-content\/uploads\/2010\/09\/pomidory.jpg 640w, \/adamczewski\/wp-content\/uploads\/2010\/09\/pomidory-300x225.jpg 300w\" sizes=\"(max-width: 640px) 100vw, 640px\" \/><\/a>Cz\u0119\u015b\u0107 pomidor\u00f3w te\u017c trafi do s\u0142oik\u00f3w, ale wi\u0119kszo\u015b\u0107 poch\u0142oniemy w sa\u0142atkach z jab\u0142kiem, jajkiem na twardo i surowymi jarzynami. Targowy s\u0142oneczny wtorek by\u0142 radosny i smakowity.<\/p>\n","protected":false},"excerpt":{"rendered":"<p>Pogoda zmienia si\u0119 z dnia na dzie\u0144. Wczoraj by\u0142o d\u017cd\u017cysto i zimno, a dzi\u015b (we wtorek) pe\u0142ne s\u0142o\u0144ce, ciep\u0142o, bezwietrznie. S\u0142owem: jeszcze kawa\u0142ek lata.<\/p>\n","protected":false},"author":2,"featured_media":0,"comment_status":"open","ping_status":"closed","sticky":false,"template":"","format":"standard","meta":{"footnotes":""},"categories":[1],"tags":[],"_links":{"self":[{"href":"https:\/\/blog.polityka.pl\/adamczewski\/wp-json\/wp\/v2\/posts\/15473"}],"collection":[{"href":"https:\/\/blog.polityka.pl\/adamczewski\/wp-json\/wp\/v2\/posts"}],"about":[{"href":"https:\/\/blog.polityka.pl\/adamczewski\/wp-json\/wp\/v2\/types\/post"}],"author":[{"embeddable":true,"href":"https:\/\/blog.polityka.pl\/adamczewski\/wp-json\/wp\/v2\/users\/2"}],"replies":[{"embeddable":true,"href":"https:\/\/blog.polityka.pl\/adamczewski\/wp-json\/wp\/v2\/comments?post=15473"}],"version-history":[{"count":3,"href":"https:\/\/blog.polityka.pl\/adamczewski\/wp-json\/wp\/v2\/posts\/15473\/revisions"}],"predecessor-version":[{"id":15481,"href":"https:\/\/blog.polityka.pl\/adamczewski\/wp-json\/wp\/v2\/posts\/15473\/revisions\/15481"}],"wp:attachment":[{"href":"https:\/\/blog.polityka.pl\/adamczewski\/wp-json\/wp\/v2\/media?parent=15473"}],"wp:term":[{"taxonomy":"category","embeddable":true,"href":"https:\/\/blog.polityka.pl\/adamczewski\/wp-json\/wp\/v2\/categories?post=15473"},{"taxonomy":"post_tag","embeddable":true,"href":"https:\/\/blog.polityka.pl\/adamczewski\/wp-json\/wp\/v2\/tags?post=15473"}],"curies":[{"name":"wp","href":"https:\/\/api.w.org\/{rel}","templated":true}]}}