
{"id":15475,"date":"2015-09-24T07:04:56","date_gmt":"2015-09-24T05:04:56","guid":{"rendered":"http:\/\/adamczewski.blog.polityka.pl\/?p=15475"},"modified":"2015-09-23T00:41:26","modified_gmt":"2015-09-22T22:41:26","slug":"i-rogate-i-brodate-i-przede-wszystkim-sliczne","status":"publish","type":"post","link":"https:\/\/blog.polityka.pl\/adamczewski\/2015\/09\/24\/i-rogate-i-brodate-i-przede-wszystkim-sliczne\/","title":{"rendered":"I rogate, i brodate, i przede wszystkim \u015bliczne"},"content":{"rendered":"<p>Chyba nie macie w\u0105tpliwo\u015bci, o jakich stworach m\u00f3wi\u0119 z tak\u0105 atencj\u0105?<br \/>\n<!--more--><br \/>\nNo oczywi\u015bcie &#8211; o kozach.<a href=\"\/wp-content\/uploads\/2015\/01\/Koza-z-dzwonkiem-East-News.jpg\"><img loading=\"lazy\" decoding=\"async\" src=\"\/wp-content\/uploads\/2015\/01\/Koza-z-dzwonkiem-East-News-1024x689.jpg\" alt=\"Koza z dzwonkiem East News\" width=\"620\" height=\"417\" class=\"aligncenter size-large wp-image-13899\" srcset=\"\/adamczewski\/wp-content\/uploads\/2015\/01\/Koza-z-dzwonkiem-East-News-1024x689.jpg 1024w, \/adamczewski\/wp-content\/uploads\/2015\/01\/Koza-z-dzwonkiem-East-News-300x202.jpg 300w\" sizes=\"(max-width: 620px) 100vw, 620px\" \/><\/a>By\u0142 czas, \u017ce marzy\u0142em o posiadaniu w\u0142asnego stadka tych pi\u0119knych i po\u017cytecznych zwierz\u0105t. Na szcz\u0119\u015bcie wybito mi ten pomys\u0142 z g\u0142owy. Dla dobra k\u00f3z i ca\u0142ej naszej rodziny. <\/p>\n<p>Nie mo\u017cna bowiem prowadzi\u0107 hodowli zwierz\u0105t na odleg\u0142o\u015b\u0107. Przekona\u0142em si\u0119 o tym, zamieniaj\u0105c kozy na pszczo\u0142y, by po kilku latach i z tego zrezygnowa\u0107. Aby prowadzi\u0107 pasiek\u0119 czy tym bardziej stado k\u00f3z, trzeba mieszka\u0107 razem z nimi. W innym przypadku zmarnuje si\u0119 i zwierz\u0119ta, i pieni\u0105dze. Zostan\u0105 tylko wyrzuty sumienia.<a href=\"\/wp-content\/uploads\/2012\/10\/miodu-plaster.jpg\"><img loading=\"lazy\" decoding=\"async\" src=\"\/wp-content\/uploads\/2012\/10\/miodu-plaster.jpg\" alt=\"miodu plaster\" width=\"394\" height=\"480\" class=\"aligncenter size-full wp-image-5400\" srcset=\"\/adamczewski\/wp-content\/uploads\/2012\/10\/miodu-plaster.jpg 394w, \/adamczewski\/wp-content\/uploads\/2012\/10\/miodu-plaster-246x300.jpg 246w\" sizes=\"(max-width: 394px) 100vw, 394px\" \/><\/a>Na szcz\u0119\u015bcie szybko si\u0119 zorientowa\u0142em w tych prawid\u0142owo\u015bciach i po dw\u00f3ch sezonach bycia pasiecznikiem (sko\u0144czy\u0142em wcze\u015bniej szko\u0142\u0119 pszczelarsk\u0105, rezygnuj\u0105c z uprawiania dziennikarstwa) wr\u00f3ci\u0142em do poprzedniego zawodu, a ule z zawarto\u015bci\u0105 podarowa\u0142em s\u0105siadowi rolnikowi. Pszczo\u0142y ocala\u0142y, a ja straci\u0142em mniej got\u00f3wki.<\/p>\n<p>Teraz wok\u00f3\u0142 mnie rosn\u0105 jak grzyby po deszczu zagrodowe serowarnie. Wszystkie jednak robi\u0105 sery z mleka krowiego. W mojej okolicy nie ma bowiem tradycji hodowli owiec, a tym bardziej k\u00f3z. Chodzenie z koz\u0105 na postronku uwa\u017ca si\u0119 za skrajny przejaw biedy. A kto chce si\u0119 przyzna\u0107 do ub\u00f3stwa?<\/p>\n<p>Ca\u0142y czas mam jednak nadziej\u0119, \u017ce znajdzie si\u0119 odwa\u017cna gospodyni (po obejrzeniu kolejnej serii &#8222;Rancza&#8221;) i brodate oraz rogate pi\u0119knotki pojawi\u0105 si\u0119 na pobliskich pastwiskach. Nie wspomn\u0119 ju\u017c o tym, \u017ce kozie sery nale\u017c\u0105 do moich ulubionych.<\/p>\n","protected":false},"excerpt":{"rendered":"<p>Chyba nie macie w\u0105tpliwo\u015bci, o jakich stworach m\u00f3wi\u0119 z tak\u0105 atencj\u0105?<\/p>\n","protected":false},"author":2,"featured_media":0,"comment_status":"open","ping_status":"closed","sticky":false,"template":"","format":"standard","meta":{"footnotes":""},"categories":[1],"tags":[],"_links":{"self":[{"href":"https:\/\/blog.polityka.pl\/adamczewski\/wp-json\/wp\/v2\/posts\/15475"}],"collection":[{"href":"https:\/\/blog.polityka.pl\/adamczewski\/wp-json\/wp\/v2\/posts"}],"about":[{"href":"https:\/\/blog.polityka.pl\/adamczewski\/wp-json\/wp\/v2\/types\/post"}],"author":[{"embeddable":true,"href":"https:\/\/blog.polityka.pl\/adamczewski\/wp-json\/wp\/v2\/users\/2"}],"replies":[{"embeddable":true,"href":"https:\/\/blog.polityka.pl\/adamczewski\/wp-json\/wp\/v2\/comments?post=15475"}],"version-history":[{"count":4,"href":"https:\/\/blog.polityka.pl\/adamczewski\/wp-json\/wp\/v2\/posts\/15475\/revisions"}],"predecessor-version":[{"id":15477,"href":"https:\/\/blog.polityka.pl\/adamczewski\/wp-json\/wp\/v2\/posts\/15475\/revisions\/15477"}],"wp:attachment":[{"href":"https:\/\/blog.polityka.pl\/adamczewski\/wp-json\/wp\/v2\/media?parent=15475"}],"wp:term":[{"taxonomy":"category","embeddable":true,"href":"https:\/\/blog.polityka.pl\/adamczewski\/wp-json\/wp\/v2\/categories?post=15475"},{"taxonomy":"post_tag","embeddable":true,"href":"https:\/\/blog.polityka.pl\/adamczewski\/wp-json\/wp\/v2\/tags?post=15475"}],"curies":[{"name":"wp","href":"https:\/\/api.w.org\/{rel}","templated":true}]}}