
{"id":15506,"date":"2015-09-30T07:00:25","date_gmt":"2015-09-30T05:00:25","guid":{"rendered":"http:\/\/adamczewski.blog.polityka.pl\/?p=15506"},"modified":"2015-09-30T10:43:12","modified_gmt":"2015-09-30T08:43:12","slug":"tez-znalazlem-zloty-pociag","status":"publish","type":"post","link":"https:\/\/blog.polityka.pl\/adamczewski\/2015\/09\/30\/tez-znalazlem-zloty-pociag\/","title":{"rendered":"Te\u017c znalaz\u0142em &#8222;z\u0142oty poci\u0105g&#8221;"},"content":{"rendered":"<p>Znaleziony przeze mnie &#8222;z\u0142oty poci\u0105g&#8221; ju\u017c jest do obejrzenia. W dodatku bez pomocy saper\u00f3w, urz\u0105dze\u0144 wiertniczych i czu\u0142ych wykrywaczy metali.<br \/>\n<!--more--><br \/>\nWystarczy kr\u00f3tka wycieczka do kiosku z gazetami i niewielki wydatek (zaledwie 25 z\u0142, a nie 25 milion\u00f3w), by otrzyma\u0107 &#8222;Pomocnik historyczny&#8221; licz\u0105cy 162 strony i prezentuj\u0105cy fascynuj\u0105ce dzieje poci\u0105g\u00f3w.<\/p>\n<p>Zeszyt zatytu\u0142owany jest &#8222;O kolei po kolei&#8221; &#8211; jest niezwykle bogato ilustrowany i zawiera teksty \u015bwietnych autor\u00f3w zajmuj\u0105cych si\u0119 kolejow\u0105 tematyk\u0105.<\/p>\n<p>A okazja po temu jest doskona\u0142a: mija w\u0142a\u015bnie 190. rocznica uruchomienia pierwszej trakcji kolei parowej w \u015bwiecie oraz 170. rocznica od ruszenia pierwszej linii kolejowej w Polsce.<a href=\"\/wp-content\/uploads\/2015\/09\/OkladkaHistoria-Kolei-do-spisu.jpg\"><img loading=\"lazy\" decoding=\"async\" src=\"\/wp-content\/uploads\/2015\/09\/OkladkaHistoria-Kolei-do-spisu.jpg\" alt=\"OkladkaHistoria Kolei do spisu\" width=\"640\" height=\"847\" class=\"aligncenter size-full wp-image-15505\" srcset=\"\/adamczewski\/wp-content\/uploads\/2015\/09\/OkladkaHistoria-Kolei-do-spisu.jpg 640w, \/adamczewski\/wp-content\/uploads\/2015\/09\/OkladkaHistoria-Kolei-do-spisu-226x300.jpg 226w\" sizes=\"(max-width: 640px) 100vw, 640px\" \/><\/a>Nie przesadzi\u0142em z okre\u015bleniem mojego znaleziska &#8222;z\u0142otym poci\u0105giem&#8221;. Dowodem \u015bwietny szkic m\u0142odego, wybitnego historyka Piotra Os\u0119ki zatytu\u0142owany &#8222;Kolejowi baronowie&#8221;. Autor udowadnia, \u017ce tam, gdzie transport szynowy rozkwita\u0142 dzi\u0119ki inicjatywie prywatnych przedsi\u0119biorc\u00f3w &#8211; przede wszystkim w Ameryce i Rosji &#8211; na budowie kolei zbito kilka bajecznych i du\u017co wielkich firm. Bohaterami artyku\u0142u s\u0105 m.in. Cornelius Vanderbildt, Leland Stanford, George Pullman czy Leopold Kronenberg.<\/p>\n<p>Niezwykle ciekawa jest te\u017c prezentacja dworc\u00f3w kolejowych czy najs\u0142ynniejszych linii, a tak\u017ce najg\u0142o\u015bniejszych katastrof.<\/p>\n<p>Nie pomini\u0119to rzecz jasna wagon\u00f3w restauracyjnych, kt\u00f3re stawa\u0142y si\u0119 z ka\u017cdym rokiem rozwoju kolei coraz bardziej luksusowe.<\/p>\n<p>Na koniec rzecz jasna na karty &#8222;Pomocnika historycznego&#8221; wje\u017cd\u017ca pendolino. A ja ju\u017c kt\u00f3r\u0105\u015b godzin\u0119 z rz\u0119du sp\u0119dzam w luksusowej podr\u00f3\u017cy.<\/p>\n","protected":false},"excerpt":{"rendered":"<p>Znaleziony przeze mnie &#8222;z\u0142oty poci\u0105g&#8221; ju\u017c jest do obejrzenia. W dodatku bez pomocy saper\u00f3w, urz\u0105dze\u0144 wiertniczych i czu\u0142ych wykrywaczy metali.<\/p>\n","protected":false},"author":2,"featured_media":0,"comment_status":"open","ping_status":"closed","sticky":false,"template":"","format":"standard","meta":{"footnotes":""},"categories":[1],"tags":[],"_links":{"self":[{"href":"https:\/\/blog.polityka.pl\/adamczewski\/wp-json\/wp\/v2\/posts\/15506"}],"collection":[{"href":"https:\/\/blog.polityka.pl\/adamczewski\/wp-json\/wp\/v2\/posts"}],"about":[{"href":"https:\/\/blog.polityka.pl\/adamczewski\/wp-json\/wp\/v2\/types\/post"}],"author":[{"embeddable":true,"href":"https:\/\/blog.polityka.pl\/adamczewski\/wp-json\/wp\/v2\/users\/2"}],"replies":[{"embeddable":true,"href":"https:\/\/blog.polityka.pl\/adamczewski\/wp-json\/wp\/v2\/comments?post=15506"}],"version-history":[{"count":7,"href":"https:\/\/blog.polityka.pl\/adamczewski\/wp-json\/wp\/v2\/posts\/15506\/revisions"}],"predecessor-version":[{"id":15509,"href":"https:\/\/blog.polityka.pl\/adamczewski\/wp-json\/wp\/v2\/posts\/15506\/revisions\/15509"}],"wp:attachment":[{"href":"https:\/\/blog.polityka.pl\/adamczewski\/wp-json\/wp\/v2\/media?parent=15506"}],"wp:term":[{"taxonomy":"category","embeddable":true,"href":"https:\/\/blog.polityka.pl\/adamczewski\/wp-json\/wp\/v2\/categories?post=15506"},{"taxonomy":"post_tag","embeddable":true,"href":"https:\/\/blog.polityka.pl\/adamczewski\/wp-json\/wp\/v2\/tags?post=15506"}],"curies":[{"name":"wp","href":"https:\/\/api.w.org\/{rel}","templated":true}]}}