
{"id":15531,"date":"2015-10-06T07:00:58","date_gmt":"2015-10-06T05:00:58","guid":{"rendered":"http:\/\/adamczewski.blog.polityka.pl\/?p=15531"},"modified":"2015-10-06T09:17:33","modified_gmt":"2015-10-06T07:17:33","slug":"a-fortepian-szczrzy-kly","status":"publish","type":"post","link":"https:\/\/blog.polityka.pl\/adamczewski\/2015\/10\/06\/a-fortepian-szczrzy-kly\/","title":{"rendered":"A fortepian szczerzy k\u0142y"},"content":{"rendered":"<p>Nie s\u0105dzi\u0142em, \u017ce tak si\u0119 roznami\u0119tni\u0119 w s\u0142uchaniu muzyki Chopina. Zwykle, czyli przy poprzednich konkursach, zaczyna\u0142em s\u0142ucha\u0107 dopiero od drugiego etapu. Tym razem za\u015b s\u0142ucham codziennie od samego pocz\u0105tku.<br \/>\n<!--more--><br \/>\nNie przeszkadza mi to, \u017ce utwory grane przez m\u0142odziutkich artyst\u00f3w powtarzaj\u0105 si\u0119. Ka\u017cdy jednak dok\u0142ada co\u015b od siebie i s\u0142ysz\u0119 zupe\u0142nie inne emocje.<\/p>\n<p>Jestem g\u0142\u0119boko przekonany, \u017ce poziom b\u0119dzie r\u00f3s\u0142 i r\u00f3s\u0142, a publiczno\u015b\u0107 b\u0119dzie wprost szale\u0107.<\/p>\n<p>By\u0107 mo\u017ce moja nami\u0119tno\u015b\u0107 bierze si\u0119 z tego, \u017ce gdyby nie muzyka Chopina, uton\u0105\u0142bym w kakofonii, jakiej dostarczaj\u0105 nam &#8211; i to w nadmiarze &#8211; politycy. A to zupe\u0142nie nie jest przyjemne.<\/p>\n<p>No to s\u0142uchajmy razem.<\/p>\n","protected":false},"excerpt":{"rendered":"<p>Nie s\u0105dzi\u0142em, \u017ce tak si\u0119 roznami\u0119tni\u0119 w s\u0142uchaniu muzyki Chopina. Zwykle, czyli przy poprzednich konkursach, zaczyna\u0142em s\u0142ucha\u0107 dopiero od drugiego etapu. Tym razem za\u015b s\u0142ucham codziennie od samego pocz\u0105tku.<\/p>\n","protected":false},"author":2,"featured_media":0,"comment_status":"open","ping_status":"closed","sticky":false,"template":"","format":"standard","meta":{"footnotes":""},"categories":[1],"tags":[],"_links":{"self":[{"href":"https:\/\/blog.polityka.pl\/adamczewski\/wp-json\/wp\/v2\/posts\/15531"}],"collection":[{"href":"https:\/\/blog.polityka.pl\/adamczewski\/wp-json\/wp\/v2\/posts"}],"about":[{"href":"https:\/\/blog.polityka.pl\/adamczewski\/wp-json\/wp\/v2\/types\/post"}],"author":[{"embeddable":true,"href":"https:\/\/blog.polityka.pl\/adamczewski\/wp-json\/wp\/v2\/users\/2"}],"replies":[{"embeddable":true,"href":"https:\/\/blog.polityka.pl\/adamczewski\/wp-json\/wp\/v2\/comments?post=15531"}],"version-history":[{"count":4,"href":"https:\/\/blog.polityka.pl\/adamczewski\/wp-json\/wp\/v2\/posts\/15531\/revisions"}],"predecessor-version":[{"id":15536,"href":"https:\/\/blog.polityka.pl\/adamczewski\/wp-json\/wp\/v2\/posts\/15531\/revisions\/15536"}],"wp:attachment":[{"href":"https:\/\/blog.polityka.pl\/adamczewski\/wp-json\/wp\/v2\/media?parent=15531"}],"wp:term":[{"taxonomy":"category","embeddable":true,"href":"https:\/\/blog.polityka.pl\/adamczewski\/wp-json\/wp\/v2\/categories?post=15531"},{"taxonomy":"post_tag","embeddable":true,"href":"https:\/\/blog.polityka.pl\/adamczewski\/wp-json\/wp\/v2\/tags?post=15531"}],"curies":[{"name":"wp","href":"https:\/\/api.w.org\/{rel}","templated":true}]}}