
{"id":15539,"date":"2015-10-07T07:00:19","date_gmt":"2015-10-07T05:00:19","guid":{"rendered":"http:\/\/adamczewski.blog.polityka.pl\/?p=15539"},"modified":"2015-10-09T09:33:30","modified_gmt":"2015-10-09T07:33:30","slug":"bardzo-lubie-palic-w-kozie","status":"publish","type":"post","link":"https:\/\/blog.polityka.pl\/adamczewski\/2015\/10\/07\/bardzo-lubie-palic-w-kozie\/","title":{"rendered":"Bardzo lubi\u0119 pali\u0107 w &#8222;kozie&#8221;"},"content":{"rendered":"<p>Najbli\u017cszy weekend zapowiada si\u0119 kiepsko. Podobno temperatura nie przekroczy 7 st.C i ca\u0142y czas ma si\u0105pi\u0107 deszcz. My\u015bla\u0142em nawet, \u017ce zrezygnujemy z wyjazdu na wie\u015b, a tu tymczasem najm\u0142odsze pokolenie domaga si\u0119 wizyty w lesie. Twierdz\u0105, \u017ce w s\u0105siednich wsiach pojawi\u0142y si\u0119 grzyby. No i co zrobi\u0107?<br \/>\n<!--more--><br \/>\nNa szcz\u0119\u015bcie w naszej kuchni zamiast wiejskiego pieca kuchennego jest zamontowana pi\u0119kna, ozdobna, \u017celiwna &#8222;koza&#8221;. Rozgrzewa si\u0119 ona bardzo szybko i oddaje ciep\u0142o wielkiemu i roz\u0142o\u017cystemu kominowi, kt\u00f3ry jest w stanie ogrza\u0107 ca\u0142y dom.<\/p>\n<p>Ostatnio po kilku godzinach palenia i pootwieraniu wszystkich drzwi \u0142\u0105cz\u0105cych pokoje w ca\u0142ym domu by\u0142 upa\u0142 jak w najgor\u0119tszy dzie\u0144 minionego lata. Musieli\u015bmy wi\u0119c otworzy\u0107 lufciki, by da\u0142o si\u0119 wytrzyma\u0107.<\/p>\n<p>Lubi\u0119 pali\u0107 w tej &#8222;kozie&#8221;, bo drewno trzaska, w kominie huczy, czyli jest prawdziwie wiejska atmosfera. Najmilej za\u015b jest wieczorem, gdy zamiast \u017car\u00f3wek dom rozja\u015bnia ogie\u0144 z p\u0142on\u0105cego i pachn\u0105cego drewna. A zapas drewna mamy na par\u0119 lat.<a href=\"\/wp-content\/uploads\/2015\/10\/Mielone-na-patelni.jpg\"><img loading=\"lazy\" decoding=\"async\" src=\"\/wp-content\/uploads\/2015\/10\/Mielone-na-patelni-1024x768.jpg\" alt=\"OLYMPUS DIGITAL CAMERA\" width=\"620\" height=\"465\" class=\"aligncenter size-large wp-image-15542\" srcset=\"\/adamczewski\/wp-content\/uploads\/2015\/10\/Mielone-na-patelni-1024x768.jpg 1024w, \/adamczewski\/wp-content\/uploads\/2015\/10\/Mielone-na-patelni-300x225.jpg 300w\" sizes=\"(max-width: 620px) 100vw, 620px\" \/><\/a>Dodatkow\u0105 rado\u015b\u0107 daje kolacja ugotowana nie na elektrycznej kuchence indukcyjnej, tylko na \u017celiwnej p\u0142ycie, w kt\u00f3rej si\u0142\u0119 p\u0142omienia reguluj\u0105 wyjmowane lub dok\u0142adane fajerki. Tak\u0105 technik\u0105 ugotowane potrawy maj\u0105 naprawd\u0119 wyj\u0105tkowy smak.<br \/>\nNiska temperatura i deszczyk za oknem zupe\u0142nie nie s\u0105 straszne.<\/p>\n","protected":false},"excerpt":{"rendered":"<p>Najbli\u017cszy weekend zapowiada si\u0119 kiepsko. Podobno temperatura nie przekroczy 7 st.C i ca\u0142y czas ma si\u0105pi\u0107 deszcz. My\u015bla\u0142em nawet, \u017ce zrezygnujemy z wyjazdu na wie\u015b, a tu tymczasem najm\u0142odsze pokolenie domaga si\u0119 wizyty w lesie. Twierdz\u0105, \u017ce w s\u0105siednich wsiach pojawi\u0142y si\u0119 grzyby. No i co zrobi\u0107?<\/p>\n","protected":false},"author":2,"featured_media":0,"comment_status":"open","ping_status":"closed","sticky":false,"template":"","format":"standard","meta":{"footnotes":""},"categories":[1],"tags":[],"_links":{"self":[{"href":"https:\/\/blog.polityka.pl\/adamczewski\/wp-json\/wp\/v2\/posts\/15539"}],"collection":[{"href":"https:\/\/blog.polityka.pl\/adamczewski\/wp-json\/wp\/v2\/posts"}],"about":[{"href":"https:\/\/blog.polityka.pl\/adamczewski\/wp-json\/wp\/v2\/types\/post"}],"author":[{"embeddable":true,"href":"https:\/\/blog.polityka.pl\/adamczewski\/wp-json\/wp\/v2\/users\/2"}],"replies":[{"embeddable":true,"href":"https:\/\/blog.polityka.pl\/adamczewski\/wp-json\/wp\/v2\/comments?post=15539"}],"version-history":[{"count":6,"href":"https:\/\/blog.polityka.pl\/adamczewski\/wp-json\/wp\/v2\/posts\/15539\/revisions"}],"predecessor-version":[{"id":15559,"href":"https:\/\/blog.polityka.pl\/adamczewski\/wp-json\/wp\/v2\/posts\/15539\/revisions\/15559"}],"wp:attachment":[{"href":"https:\/\/blog.polityka.pl\/adamczewski\/wp-json\/wp\/v2\/media?parent=15539"}],"wp:term":[{"taxonomy":"category","embeddable":true,"href":"https:\/\/blog.polityka.pl\/adamczewski\/wp-json\/wp\/v2\/categories?post=15539"},{"taxonomy":"post_tag","embeddable":true,"href":"https:\/\/blog.polityka.pl\/adamczewski\/wp-json\/wp\/v2\/tags?post=15539"}],"curies":[{"name":"wp","href":"https:\/\/api.w.org\/{rel}","templated":true}]}}