
{"id":1554,"date":"2010-02-16T08:00:50","date_gmt":"2010-02-16T07:00:50","guid":{"rendered":"http:\/\/adamczewski.blog.polityka.pl\/?p=1554"},"modified":"2010-02-16T08:58:38","modified_gmt":"2010-02-16T07:58:38","slug":"gdzie-warto-wpasc-na-chwile","status":"publish","type":"post","link":"https:\/\/blog.polityka.pl\/adamczewski\/2010\/02\/16\/gdzie-warto-wpasc-na-chwile\/","title":{"rendered":"Gdzie warto wpa\u015b\u0107 na chwil\u0119"},"content":{"rendered":"<p><a href=\"\/wp-content\/uploads\/2010\/02\/p2100014.jpg\"><img loading=\"lazy\" decoding=\"async\" class=\"alignleft size-full wp-image-1561\" title=\"p2100014\" src=\"\/wp-content\/uploads\/2010\/02\/p2100014.jpg\" alt=\"\" width=\"164\" height=\"309\" \/><\/a><\/p>\n<p><em>Cztery nogi s\u0105 u sto\u0142ka tu mo\u017cna zala\u0107 gardzio\u0142ka.<\/em> Takim dwuwierszem reklamowa\u0142y si\u0119 warszawskie szynki. Mo\u017cna te\u017c by\u0142o przeczyta\u0107 na drzwiach pod\u0142ej knajpy na Solcu zach\u0119caj\u0105cy niedopitych go\u015bci utw\u00f3r: <em>Powracaj\u0105c z Saskiej K\u0119py,\/ Wst\u0105p tu do nas, go\u015bciu pi\u0119kny,\/ Znajdziesz tutaj trunki tanie,\/ Tylko trzeba p\u0142aci\u0107 za nie.<\/em><\/p>\n<p>A wypad do takich lokali, kt\u00f3re nawiasem m\u00f3wi\u0105c cieszy\u0142y si\u0119 niebywa\u0142ym powodzeniem, \u0142\u0105czy\u0142 si\u0119 z powa\u017cnym niebezpiecze\u0144stwem. Tuneliki, bo tak nazywano zak\u0142ady sprzedaj\u0105ce piwo i gorza\u0142k\u0119, by\u0142y zawsze zat\u0142oczone. Pili tam na og\u00f3\u0142\u00a0 majstrowie ale i terminatorzy oraz czeladnicy\u00a0 wszystkich okolicznych warsztat\u00f3w i fabryczek. Nie brakowa\u0142o tak\u017ce kantorzyst\u00f3w, wszelkiej ma\u015bci artyst\u00f3w i m\u0142odych m\u0119\u017cczyzn z tzw. dobrych rodzin, kt\u00f3rzy szukali ekscytuj\u0105cych miejsc do emocjonuj\u0105cej zabawy. Najwi\u0119kszym powodzeniem cieszy\u0142 si\u0119 szynk przy ulicy Chmielnej, w pobli\u017cu dworca Kolei Warszawsko-Wiede\u0144skiej.\u00a0 W jednej z gazet reporter, kt\u00f3ry zapewne niejeden wiecz\u00f3r sp\u0119dzi\u0142 w tym przybytku, napisa\u0142, \u017ce nad ranem, po wyj\u015bciu go\u015bci, s\u0142u\u017cba wymiata\u0142a do koszy stosy w\u0142os\u00f3w i z\u0119b\u00f3w straconych w ci\u0105gu nocnej zabawy przez sta\u0142ych i przypadkowych bywalc\u00f3w. Takich szynk\u00f3w\u00a0 i nieco lepszych lokali by\u0142o w Warszawie w 1845 roku ponad 1000. I w ka\u017cdym dzia\u0142y si\u0119 rzeczy godne uwiecznienia przez w\u015bcibskiego dziennikarza.<\/p>\n<p>Stanis\u0142aw Milewski (o kt\u00f3rego poprzedniej ksi\u0105\u017cce ju\u017c tu pisa\u0142em polecaj\u0105c j\u0105 z przyjemno\u015bci\u0105) , dziennikarz, prawnik, redaktor\u00a0 &#8222;Gazety Prawniczej&#8221; si\u0119ga z upodobaniem do dziewi\u0119tnastowiecznych warszawskich gazet, by na podstawie kronik kryminalnych ale tak\u017ce felieton\u00f3w wybitnych autor\u00f3w jak Prus, opisywa\u0107 tamt\u0105 zapomnian\u0105 a jak\u017ce przez to ciekaw\u0105 epok\u0119. Najnowsza ksi\u0105\u017cka Milewskiego &#8222;Ciemne sprawy dawnych warszawiak\u00f3w&#8221;\u00a0 to fascynuj\u0105ca lektura. Jest ona zar\u00f3wno lustrem codzienno\u015bci, jak i zapisem obyczaj\u00f3w, portretem spo\u0142eczno\u015bci wielkiego (jak na \u00f3wczesne lata i warunki) miasta, wreszcie &#8211; histori\u0105 zbrodni. Jest to ksi\u0105\u017cka nie tylko dla varsavianist\u00f3w. To lektura atrakcyjna i pouczaj\u0105ca. A przy okazji zach\u0119caj\u0105ca do odwiedzania lokalik\u00f3w nawet podejrzanie si\u0119 prezentuj\u0105cych. Tam bowiem mo\u017cna zobaczy\u0107 prawdziwie \u017cycie ka\u017cdego miasta.<\/p>\n<p>\u00a0<\/p>\n","protected":false},"excerpt":{"rendered":"<p>Cztery nogi s\u0105 u sto\u0142ka tu mo\u017cna zala\u0107 gardzio\u0142ka. Takim dwuwierszem reklamowa\u0142y si\u0119 warszawskie szynki. Mo\u017cna te\u017c by\u0142o przeczyta\u0107 na drzwiach pod\u0142ej knajpy na Solcu zach\u0119caj\u0105cy niedopitych go\u015bci utw\u00f3r: Powracaj\u0105c z Saskiej K\u0119py,\/ Wst\u0105p tu do nas, go\u015bciu pi\u0119kny,\/ Znajdziesz tutaj trunki tanie,\/ Tylko trzeba p\u0142aci\u0107 za nie. A wypad do takich lokali, kt\u00f3re nawiasem [&hellip;]<\/p>\n","protected":false},"author":2,"featured_media":0,"comment_status":"open","ping_status":"open","sticky":false,"template":"","format":"standard","meta":{"footnotes":""},"categories":[1],"tags":[],"_links":{"self":[{"href":"https:\/\/blog.polityka.pl\/adamczewski\/wp-json\/wp\/v2\/posts\/1554"}],"collection":[{"href":"https:\/\/blog.polityka.pl\/adamczewski\/wp-json\/wp\/v2\/posts"}],"about":[{"href":"https:\/\/blog.polityka.pl\/adamczewski\/wp-json\/wp\/v2\/types\/post"}],"author":[{"embeddable":true,"href":"https:\/\/blog.polityka.pl\/adamczewski\/wp-json\/wp\/v2\/users\/2"}],"replies":[{"embeddable":true,"href":"https:\/\/blog.polityka.pl\/adamczewski\/wp-json\/wp\/v2\/comments?post=1554"}],"version-history":[{"count":0,"href":"https:\/\/blog.polityka.pl\/adamczewski\/wp-json\/wp\/v2\/posts\/1554\/revisions"}],"wp:attachment":[{"href":"https:\/\/blog.polityka.pl\/adamczewski\/wp-json\/wp\/v2\/media?parent=1554"}],"wp:term":[{"taxonomy":"category","embeddable":true,"href":"https:\/\/blog.polityka.pl\/adamczewski\/wp-json\/wp\/v2\/categories?post=1554"},{"taxonomy":"post_tag","embeddable":true,"href":"https:\/\/blog.polityka.pl\/adamczewski\/wp-json\/wp\/v2\/tags?post=1554"}],"curies":[{"name":"wp","href":"https:\/\/api.w.org\/{rel}","templated":true}]}}