
{"id":15570,"date":"2015-10-13T07:00:43","date_gmt":"2015-10-13T05:00:43","guid":{"rendered":"http:\/\/adamczewski.blog.polityka.pl\/?p=15570"},"modified":"2015-10-13T11:57:41","modified_gmt":"2015-10-13T09:57:41","slug":"jak-to-kury-wytrzymuja","status":"publish","type":"post","link":"https:\/\/blog.polityka.pl\/adamczewski\/2015\/10\/13\/jak-to-kury-wytrzymuja\/","title":{"rendered":"Jak to kury wytrzymuj\u0105?"},"content":{"rendered":"<p>Pustka w cz\u0119\u015bci lod\u00f3wki, w kt\u00f3rej trzymam jajka, zmusi\u0142a nas do przeja\u017cd\u017cki na wie\u015b. Wyj\u015bcie na dw\u00f3r sp\u0142oszy\u0142o nas lodowatym zimnem.<br \/>\n<!--more--><br \/>\nWr\u00f3cili\u015bmy wi\u0119c do domu po zimowe kurtki. To z kolei nasun\u0119\u0142o mi my\u015bl, \u017ce mo\u017ce to pora na wymian\u0119 opon na zimowe. Po drodze nad Narew przeje\u017cd\u017cam obok stacji KIA, na kt\u00f3r\u0105 wymieni\u0142em swojego dotychczasowego nissana. Postanowi\u0142em wi\u0119c po\u0142\u0105czy\u0107 podr\u00f3\u017c spo\u017cywcz\u0105 z motoryzacyjn\u0105.<\/p>\n<p>Kupno i wymiana opon przebieg\u0142a bezawaryjne i b\u0142yskawicznie. Letnie pi\u0119knie oznakowano i z\u0142o\u017cono w magazynie, gdzie b\u0119d\u0105 czeka\u0107 do wiosny.<\/p>\n<p>Gorzej by\u0142o na wsi. Gdy wjecha\u0142em na podw\u00f3rko s\u0105siadki, okaza\u0142o si\u0119, \u017ce jest ona na badaniach w Pu\u0142tusku, o czym zapomnia\u0142a mnie wczoraj poinformowa\u0107. Maj\u0105c w perspektywie godzinne (co najmniej) oczekiwanie, w\u0142\u0105czyli\u015bmy w cha\u0142upie kaloryfery i zacz\u0119li\u015bmy opr\u00f3\u017cnia\u0107 lod\u00f3wki, by produkty nadaj\u0105ce si\u0119 do spo\u017cycia wywie\u017a\u0107 do Warszawy. W zamra\u017carce &#8211; jak si\u0119 okaza\u0142o &#8211; mieli\u015bmy tego sporo: perliczk\u0119, dwie kaczki, udziec ko\u017al\u0119cia, \u0142opatk\u0119 dzika, kurczaka zagrodowego z Podlasia, niedu\u017cego sandacza i par\u0119 innych drobiazg\u00f3w. Wszystko to zosta\u0142o zawini\u0119te w gazety, by nie rozmrozi\u0142o si\u0119 w trakcie podr\u00f3\u017cy i za\u0142adowane do male\u0144kiego przecie\u017c picanto.<a href=\"\/wp-content\/uploads\/2010\/11\/jaja-zza-plotu.jpg\"><img loading=\"lazy\" decoding=\"async\" src=\"\/wp-content\/uploads\/2010\/11\/jaja-zza-plotu.jpg\" alt=\"jaja-zza-plotu\" width=\"640\" height=\"480\" class=\"aligncenter size-full wp-image-2080\" srcset=\"\/adamczewski\/wp-content\/uploads\/2010\/11\/jaja-zza-plotu.jpg 640w, \/adamczewski\/wp-content\/uploads\/2010\/11\/jaja-zza-plotu-300x225.jpg 300w\" sizes=\"(max-width: 640px) 100vw, 640px\" \/><\/a>S\u0105siadka wr\u00f3ci\u0142a, mog\u0142em wi\u0119c zapakowa\u0107 odpowiedni\u0105 porcj\u0119 jaj (kolejna wyprawa planowana jest ju\u017c po Wszystkich \u015awi\u0119tych) i ruszy\u0107 w drog\u0119 powrotn\u0105. D\u0142onie mia\u0142em zdr\u0119twia\u0142e z zimna, a uszy odpadaj\u0105ce i bol\u0105ce, bo wiatr dmucha\u0142, nie\u017ale wzmagaj\u0105c uczucie ch\u0142odu.<\/p>\n<p>A kury spokojnie jajka znosz\u0105, mimo \u017ce wiatr te\u017c im w kupry dmucha.<\/p>\n","protected":false},"excerpt":{"rendered":"<p>Pustka w cz\u0119\u015bci lod\u00f3wki, w kt\u00f3rej trzymam jajka, zmusi\u0142a nas do przeja\u017cd\u017cki na wie\u015b. Wyj\u015bcie na dw\u00f3r sp\u0142oszy\u0142o nas lodowatym zimnem.<\/p>\n","protected":false},"author":2,"featured_media":0,"comment_status":"open","ping_status":"closed","sticky":false,"template":"","format":"standard","meta":{"footnotes":""},"categories":[1],"tags":[],"_links":{"self":[{"href":"https:\/\/blog.polityka.pl\/adamczewski\/wp-json\/wp\/v2\/posts\/15570"}],"collection":[{"href":"https:\/\/blog.polityka.pl\/adamczewski\/wp-json\/wp\/v2\/posts"}],"about":[{"href":"https:\/\/blog.polityka.pl\/adamczewski\/wp-json\/wp\/v2\/types\/post"}],"author":[{"embeddable":true,"href":"https:\/\/blog.polityka.pl\/adamczewski\/wp-json\/wp\/v2\/users\/2"}],"replies":[{"embeddable":true,"href":"https:\/\/blog.polityka.pl\/adamczewski\/wp-json\/wp\/v2\/comments?post=15570"}],"version-history":[{"count":5,"href":"https:\/\/blog.polityka.pl\/adamczewski\/wp-json\/wp\/v2\/posts\/15570\/revisions"}],"predecessor-version":[{"id":15574,"href":"https:\/\/blog.polityka.pl\/adamczewski\/wp-json\/wp\/v2\/posts\/15570\/revisions\/15574"}],"wp:attachment":[{"href":"https:\/\/blog.polityka.pl\/adamczewski\/wp-json\/wp\/v2\/media?parent=15570"}],"wp:term":[{"taxonomy":"category","embeddable":true,"href":"https:\/\/blog.polityka.pl\/adamczewski\/wp-json\/wp\/v2\/categories?post=15570"},{"taxonomy":"post_tag","embeddable":true,"href":"https:\/\/blog.polityka.pl\/adamczewski\/wp-json\/wp\/v2\/tags?post=15570"}],"curies":[{"name":"wp","href":"https:\/\/api.w.org\/{rel}","templated":true}]}}