
{"id":15587,"date":"2015-10-16T08:33:44","date_gmt":"2015-10-16T06:33:44","guid":{"rendered":"http:\/\/adamczewski.blog.polityka.pl\/?p=15587"},"modified":"2015-10-16T09:07:21","modified_gmt":"2015-10-16T07:07:21","slug":"grzybow-nie-ma-ale-sa","status":"publish","type":"post","link":"https:\/\/blog.polityka.pl\/adamczewski\/2015\/10\/16\/grzybow-nie-ma-ale-sa\/","title":{"rendered":"Grzyb\u00f3w nie ma, ale s\u0105"},"content":{"rendered":"<p>Nie ma sprawiedliwo\u015bci na tym \u015bwiecie. Skar\u017cy\u0142em si\u0119 wielokrotnie, \u017ce w tym roku w moim lesie nie pojawi\u0142 si\u0119 ani jeden borowik, podgrzybek czy inny kozak.<br \/>\n<!--more--><br \/>\nI nadal ich nie ma.<a href=\"\/wp-content\/uploads\/2015\/10\/Borowik-jesienny.jpg\"><img loading=\"lazy\" decoding=\"async\" src=\"\/wp-content\/uploads\/2015\/10\/Borowik-jesienny-1024x768.jpg\" alt=\"OLYMPUS DIGITAL CAMERA\" width=\"620\" height=\"465\" class=\"aligncenter size-large wp-image-15590\" srcset=\"\/adamczewski\/wp-content\/uploads\/2015\/10\/Borowik-jesienny-1024x768.jpg 1024w, \/adamczewski\/wp-content\/uploads\/2015\/10\/Borowik-jesienny-300x225.jpg 300w\" sizes=\"(max-width: 620px) 100vw, 620px\" \/><\/a>Tymczasem na moim mokotowskim bazarku przy Rac\u0142awickiej (r\u00f3g Niepodleg\u0142o\u015bci) pi\u0119knych grzyb\u00f3w zatrz\u0119sienie. Tyle tylko, \u017ce za odpowiedni\u0105 cen\u0119. Pi\u0119kne, dorodne i ca\u0142kowicie zdrowe borowiki kosztuj\u0105 tu 70 z\u0142 za kilogram.<a href=\"\/wp-content\/uploads\/2015\/10\/Borowiki-jesienne.jpg\"><img loading=\"lazy\" decoding=\"async\" src=\"\/wp-content\/uploads\/2015\/10\/Borowiki-jesienne-768x1024.jpg\" alt=\"OLYMPUS DIGITAL CAMERA\" width=\"620\" height=\"826\" class=\"aligncenter size-large wp-image-15589\" srcset=\"\/adamczewski\/wp-content\/uploads\/2015\/10\/Borowiki-jesienne-768x1024.jpg 768w, \/adamczewski\/wp-content\/uploads\/2015\/10\/Borowiki-jesienne-225x300.jpg 225w\" sizes=\"(max-width: 620px) 100vw, 620px\" \/><\/a>Przemog\u0142em sk\u0105pstwo i kupi\u0142em p\u00f3\u0142 kilograma, by przygotowa\u0107 risotto z prawdziwkami. Gdy nasyci\u0142em ju\u017c swoje \u0142akomstwo, postanowi\u0142em pow\u015bci\u0105gn\u0105\u0107 swoj\u0105 rozrzutno\u015b\u0107. Wol\u0119 ju\u017c poogl\u0105da\u0107 ubieg\u0142oroczne zbiory na obrazkach albo pojecha\u0107 (gdy si\u0119 nieco poprawi pogoda) w jakie\u015b odleglejsze okolice, gdzie te bazarowe okazy rosn\u0105.<\/p>\n<p>Podobno mo\u017cna je znale\u017a\u0107 w drodze na Mazury. Wy\u015blemy wi\u0119c najpierw m\u0142odzie\u017cowy rekonesans, a potem i my ruszymy. Tymczasem oblizuj\u0119 si\u0119 smakiem. Risotto by\u0142o pyszne.<\/p>\n","protected":false},"excerpt":{"rendered":"<p>Nie ma sprawiedliwo\u015bci na tym \u015bwiecie. Skar\u017cy\u0142em si\u0119 wielokrotnie, \u017ce w tym roku w moim lesie nie pojawi\u0142 si\u0119 ani jeden borowik, podgrzybek czy inny kozak.<\/p>\n","protected":false},"author":2,"featured_media":0,"comment_status":"open","ping_status":"closed","sticky":false,"template":"","format":"standard","meta":{"footnotes":""},"categories":[1],"tags":[],"_links":{"self":[{"href":"https:\/\/blog.polityka.pl\/adamczewski\/wp-json\/wp\/v2\/posts\/15587"}],"collection":[{"href":"https:\/\/blog.polityka.pl\/adamczewski\/wp-json\/wp\/v2\/posts"}],"about":[{"href":"https:\/\/blog.polityka.pl\/adamczewski\/wp-json\/wp\/v2\/types\/post"}],"author":[{"embeddable":true,"href":"https:\/\/blog.polityka.pl\/adamczewski\/wp-json\/wp\/v2\/users\/2"}],"replies":[{"embeddable":true,"href":"https:\/\/blog.polityka.pl\/adamczewski\/wp-json\/wp\/v2\/comments?post=15587"}],"version-history":[{"count":5,"href":"https:\/\/blog.polityka.pl\/adamczewski\/wp-json\/wp\/v2\/posts\/15587\/revisions"}],"predecessor-version":[{"id":15591,"href":"https:\/\/blog.polityka.pl\/adamczewski\/wp-json\/wp\/v2\/posts\/15587\/revisions\/15591"}],"wp:attachment":[{"href":"https:\/\/blog.polityka.pl\/adamczewski\/wp-json\/wp\/v2\/media?parent=15587"}],"wp:term":[{"taxonomy":"category","embeddable":true,"href":"https:\/\/blog.polityka.pl\/adamczewski\/wp-json\/wp\/v2\/categories?post=15587"},{"taxonomy":"post_tag","embeddable":true,"href":"https:\/\/blog.polityka.pl\/adamczewski\/wp-json\/wp\/v2\/tags?post=15587"}],"curies":[{"name":"wp","href":"https:\/\/api.w.org\/{rel}","templated":true}]}}