
{"id":15599,"date":"2015-10-20T07:00:23","date_gmt":"2015-10-20T05:00:23","guid":{"rendered":"http:\/\/adamczewski.blog.polityka.pl\/?p=15599"},"modified":"2015-10-20T14:28:41","modified_gmt":"2015-10-20T12:28:41","slug":"jak-zyc-dostatnio-wykorzystujac-dzieci","status":"publish","type":"post","link":"https:\/\/blog.polityka.pl\/adamczewski\/2015\/10\/20\/jak-zyc-dostatnio-wykorzystujac-dzieci\/","title":{"rendered":"Jak \u017cy\u0107 dostatnio &#8211; wykorzystuj\u0105c dzieci"},"content":{"rendered":"<p>Zawsze mnie \u015bmieszy\u0142o powiedzonko, \u017ce dzieci to zaka\u0142a ludzko\u015bci. Zw\u0142aszcza w kontek\u015bcie licznej grupy smarkaczy kr\u0119c\u0105cych si\u0119 po moim i moich przyjaci\u00f3\u0142 domach.<br \/>\n<!--more--><br \/>\nWszystkie by\u0142y kochane, nawet rozpieszczane, mog\u0142y uczestniczy\u0107 w \u017cyciu doros\u0142ych i wyros\u0142y na m\u0105drych, wykszta\u0142conych i zainteresowanych \u015bwiatem ludzi.<a href=\"\/wp-content\/uploads\/2015\/10\/Dzieci-celebryci.jpg\"><img loading=\"lazy\" decoding=\"async\" src=\"\/wp-content\/uploads\/2015\/10\/Dzieci-celebryci.jpg\" alt=\"Dzieci celebryci\" width=\"500\" height=\"489\" class=\"aligncenter size-full wp-image-15601\" srcset=\"\/adamczewski\/wp-content\/uploads\/2015\/10\/Dzieci-celebryci.jpg 500w, \/adamczewski\/wp-content\/uploads\/2015\/10\/Dzieci-celebryci-300x293.jpg 300w\" sizes=\"(max-width: 500px) 100vw, 500px\" \/><\/a>Wraz ze zmianami obyczaj\u00f3w, inwazji telewizji, powstania nowej grupy spo\u0142ecznej zwanej celebrytami &#8211; zmieni\u0142 si\u0119 te\u017c stosunek doros\u0142ych do dzieci, kt\u00f3re coraz cz\u0119\u015bciej staj\u0105 si\u0119 maszynk\u0105 do robienia pieni\u0119dzy.<\/p>\n<p>W licznych programach kilkuletnie dzieci \u015bpiewaj\u0105, fikaj\u0105, recytuj\u0105 lub po prostu awanturuj\u0105 si\u0119 z doros\u0142ymi. Najg\u0142o\u015bniejszy i najbardziej bezczelny smarkacz dostaje czek (nawet spory) i potem obje\u017cd\u017ca Polsk\u0119, wyst\u0119puj\u0105c na prowincjonalnych estradach, a rodzice towarzysz\u0105 mu i zbieraj\u0105 profity.<\/p>\n<p>Coraz cz\u0119\u015bciej dzieci wyst\u0119puj\u0105 tak\u017ce w reklamach. Jako\u015b tolerowa\u0142em, gdy by\u0142y to reklamy zabawek czy lek\u00f3w dla dzieci. Ostatnio dziatwa traktowana jak ma\u0142pki poleca jednak produkty dla doros\u0142ych. To mnie oburza.<\/p>\n<p>Do niedawna uwa\u017ca\u0142em, \u017ce los oszcz\u0119dzi\u0142 nasz\u0105 ulubion\u0105 dziedzin\u0119, czyli kuchni\u0119. Wpad\u0142 mi jednak w r\u0119ce tekst o ameryka\u0144skim ch\u0142opcu (dzi\u015b ma chyba 11 lat), kt\u00f3ry dzia\u0142a w kuchni od trzeciego roku \u017cycia. Oczywi\u015bcie na pokaz. Teraz prowadzi w\u0142asne programy, restauracje i szkolenia. Wszystko oczywi\u015bcie wysoko op\u0142acane. Znajduje on tysi\u0105ce widz\u00f3w. Wkr\u00f3tce zapewne b\u0119dzie mia\u0142 na\u015bladowc\u00f3w tak\u017ce w naszym kraju.<\/p>\n<p>I tylko ciekaw jestem, czy rozlegn\u0105 si\u0119 g\u0142osy, \u017ce ta dzia\u0142alno\u015b\u0107 (reklamowa, konkursowa, telewizyjna, estradowa) odbiera maluchom dzieci\u0144stwo. Tyle tylko, \u017ce za chodzenie do szko\u0142y nikt rodzicom nie p\u0142aci, a za wyst\u0119py wprost przeciwnie.<\/p>\n","protected":false},"excerpt":{"rendered":"<p>Zawsze mnie \u015bmieszy\u0142o powiedzonko, \u017ce dzieci to zaka\u0142a ludzko\u015bci. Zw\u0142aszcza w kontek\u015bcie licznej grupy smarkaczy kr\u0119c\u0105cych si\u0119 po moim i moich przyjaci\u00f3\u0142 domach.<\/p>\n","protected":false},"author":2,"featured_media":0,"comment_status":"open","ping_status":"closed","sticky":false,"template":"","format":"standard","meta":{"footnotes":""},"categories":[1],"tags":[],"_links":{"self":[{"href":"https:\/\/blog.polityka.pl\/adamczewski\/wp-json\/wp\/v2\/posts\/15599"}],"collection":[{"href":"https:\/\/blog.polityka.pl\/adamczewski\/wp-json\/wp\/v2\/posts"}],"about":[{"href":"https:\/\/blog.polityka.pl\/adamczewski\/wp-json\/wp\/v2\/types\/post"}],"author":[{"embeddable":true,"href":"https:\/\/blog.polityka.pl\/adamczewski\/wp-json\/wp\/v2\/users\/2"}],"replies":[{"embeddable":true,"href":"https:\/\/blog.polityka.pl\/adamczewski\/wp-json\/wp\/v2\/comments?post=15599"}],"version-history":[{"count":5,"href":"https:\/\/blog.polityka.pl\/adamczewski\/wp-json\/wp\/v2\/posts\/15599\/revisions"}],"predecessor-version":[{"id":15611,"href":"https:\/\/blog.polityka.pl\/adamczewski\/wp-json\/wp\/v2\/posts\/15599\/revisions\/15611"}],"wp:attachment":[{"href":"https:\/\/blog.polityka.pl\/adamczewski\/wp-json\/wp\/v2\/media?parent=15599"}],"wp:term":[{"taxonomy":"category","embeddable":true,"href":"https:\/\/blog.polityka.pl\/adamczewski\/wp-json\/wp\/v2\/categories?post=15599"},{"taxonomy":"post_tag","embeddable":true,"href":"https:\/\/blog.polityka.pl\/adamczewski\/wp-json\/wp\/v2\/tags?post=15599"}],"curies":[{"name":"wp","href":"https:\/\/api.w.org\/{rel}","templated":true}]}}