
{"id":1560,"date":"2010-02-17T08:00:17","date_gmt":"2010-02-17T07:00:17","guid":{"rendered":"http:\/\/adamczewski.blog.polityka.pl\/?p=1560"},"modified":"2010-02-09T22:09:07","modified_gmt":"2010-02-09T21:09:07","slug":"zagadnij-co-gotujemy-24-b","status":"publish","type":"post","link":"https:\/\/blog.polityka.pl\/adamczewski\/2010\/02\/17\/zagadnij-co-gotujemy-24-b\/","title":{"rendered":"Zagadnij co gotujemy? 24 B"},"content":{"rendered":"<p>Tym razem nagroda jest niezwyk\u0142a. To niebywale ciekawa ksi\u0105\u017cka napisana przez wybitn\u0105 artystk\u0119 fotografii Zofi\u0119 Nasierowsk\u0105. Jej wspomnienia s\u0105 barwne cho\u0107 okraszone czarnobia\u0142ymi fotografiami. A czyta si\u0119 t\u0119 ksi\u0119g\u0119 (bo jest gruba jak encyklopedia) wypiekami na twarzy a czasem ze \u0142z\u0105 w oku.<br \/>\nDodatkowym walorem jest autorska dedykacja i autograf. Wprawdzie wpis ten by\u0142 przeznaczony dla nas ale los zrz\u0105dzi\u0142 ( a mo\u017ce artystyczny rozgardiasz podczas uroczystej promocji), \u017ce wkr\u00f3tce dostali\u015bmy drugi egzemplarz z niemal identycznym podpisem. Postanowili\u015bmy wi\u0119c jeden z nich podarowa\u0107 mi\u0142o\u015bnikom fotografii, talentu artystki i w\u0142asnej m\u0142odo\u015bci. Bo to ksi\u0105\u017cka o naszych m\u0142odych latach.<br \/>\nA wi\u0119c hej ch\u0142opcy, dziewcz\u0119ta do roboty, do roboty?<\/p>\n<p>1 &#8211; Jak brzmia\u0142 \u017cart kulinarno-polityczny, kt\u00f3rego akcja toczy\u0142a si\u0119 w barze mlecznym s\u0142yn\u0105cym z pierog\u00f3w?<\/p>\n<p>2 &#8211; Niedawno znikn\u0119\u0142a z horyzontu gastronomicznego\u00a0 a istniej\u0105ca ponad 50 lat najs\u0142ynniejsza podwarszawska restauracja rybna, kt\u00f3rej symbolem by\u0142a pyszna rybka; a jaka?<\/p>\n<p>3 &#8211; W kt\u00f3rej warszawskiej kawiarni przez 10 lat mie\u015bci\u0142a si\u0119 siedziba s\u0142ynnego kabaretu &#8222;Dudek&#8221; prowadzonego przez Edwarda Dziewo\u0144skiego?<\/p>\n<p>I to ju\u017c wszystko. Prosz\u0119 pisa\u0107 na adres <a href=\"mailto:internet@polityka.com.pl\">internet@polityka.com.pl<\/a>\u00a0 Czekam na prawid\u0142owe odpowiedzi i wysy\u0142am nagrod\u0119!<\/p>\n<p>\u00a0<\/p>\n<p>\u00a0<\/p>\n","protected":false},"excerpt":{"rendered":"<p>Tym razem nagroda jest niezwyk\u0142a. To niebywale ciekawa ksi\u0105\u017cka napisana przez wybitn\u0105 artystk\u0119 fotografii Zofi\u0119 Nasierowsk\u0105. Jej wspomnienia s\u0105 barwne cho\u0107 okraszone czarnobia\u0142ymi fotografiami. A czyta si\u0119 t\u0119 ksi\u0119g\u0119 (bo jest gruba jak encyklopedia) wypiekami na twarzy a czasem ze \u0142z\u0105 w oku. Dodatkowym walorem jest autorska dedykacja i autograf. Wprawdzie wpis ten by\u0142 przeznaczony [&hellip;]<\/p>\n","protected":false},"author":2,"featured_media":0,"comment_status":"open","ping_status":"open","sticky":false,"template":"","format":"standard","meta":{"footnotes":""},"categories":[1],"tags":[],"_links":{"self":[{"href":"https:\/\/blog.polityka.pl\/adamczewski\/wp-json\/wp\/v2\/posts\/1560"}],"collection":[{"href":"https:\/\/blog.polityka.pl\/adamczewski\/wp-json\/wp\/v2\/posts"}],"about":[{"href":"https:\/\/blog.polityka.pl\/adamczewski\/wp-json\/wp\/v2\/types\/post"}],"author":[{"embeddable":true,"href":"https:\/\/blog.polityka.pl\/adamczewski\/wp-json\/wp\/v2\/users\/2"}],"replies":[{"embeddable":true,"href":"https:\/\/blog.polityka.pl\/adamczewski\/wp-json\/wp\/v2\/comments?post=1560"}],"version-history":[{"count":0,"href":"https:\/\/blog.polityka.pl\/adamczewski\/wp-json\/wp\/v2\/posts\/1560\/revisions"}],"wp:attachment":[{"href":"https:\/\/blog.polityka.pl\/adamczewski\/wp-json\/wp\/v2\/media?parent=1560"}],"wp:term":[{"taxonomy":"category","embeddable":true,"href":"https:\/\/blog.polityka.pl\/adamczewski\/wp-json\/wp\/v2\/categories?post=1560"},{"taxonomy":"post_tag","embeddable":true,"href":"https:\/\/blog.polityka.pl\/adamczewski\/wp-json\/wp\/v2\/tags?post=1560"}],"curies":[{"name":"wp","href":"https:\/\/api.w.org\/{rel}","templated":true}]}}