
{"id":15605,"date":"2015-10-22T07:00:57","date_gmt":"2015-10-22T05:00:57","guid":{"rendered":"http:\/\/adamczewski.blog.polityka.pl\/?p=15605"},"modified":"2015-10-20T15:42:48","modified_gmt":"2015-10-20T13:42:48","slug":"lubie-jak-dom-pachnie-rosolem","status":"publish","type":"post","link":"https:\/\/blog.polityka.pl\/adamczewski\/2015\/10\/22\/lubie-jak-dom-pachnie-rosolem\/","title":{"rendered":"Lubi\u0119, gdy dom pachnie roso\u0142em"},"content":{"rendered":"<p>Mam dobry wyci\u0105g kuchenny, wi\u0119c moi s\u0105siedzi nie mog\u0105 odczuwa\u0107 niedogodno\u015bci mieszkania obok faceta bez przerwy co\u015b pichc\u0105cego.<br \/>\n<!--more--><br \/>\nCzego niestety nie mog\u0119 powiedzie\u0107 o niekt\u00f3rych z nich. Nie b\u0119d\u0119 tu sk\u0142ada\u0142 donosu na gosposie z mojego pi\u0119tra, kt\u00f3re uparcie nie korzystaj\u0105 z wyci\u0105g\u00f3w, dzi\u0119ki czemu to ja musz\u0119 \u017cy\u0107 w oparach gotowanej kapusty, podsma\u017canej cebulki lub przypalonego czosnku.<a href=\"\/wp-content\/uploads\/2015\/10\/Ros\u00f3\u0142-wo\u0142owy-P4200013.jpg\"><img loading=\"lazy\" decoding=\"async\" class=\"aligncenter size-full wp-image-15608\" src=\"\/wp-content\/uploads\/2015\/10\/Ros\u00f3\u0142-wo\u0142owy-P4200013.jpg\" alt=\"OLYMPUS DIGITAL CAMERA\" width=\"640\" height=\"480\" srcset=\"\/adamczewski\/wp-content\/uploads\/2015\/10\/Ros\u00f3\u0142-wo\u0142owy-P4200013.jpg 640w, \/adamczewski\/wp-content\/uploads\/2015\/10\/Ros\u00f3\u0142-wo\u0142owy-P4200013-300x225.jpg 300w\" sizes=\"(max-width: 640px) 100vw, 640px\" \/><\/a>Dzi\u0119ki temu jednak nie mam skrupu\u0142\u00f3w, gdy sam przyciszam sw\u00f3j wyci\u0105g, by bulgocz\u0105cy ros\u00f3\u0142 otoczy\u0142 mnie swym aromatem. Robi\u0119 to bardzo rzadko i &#8211; prawd\u0119 m\u00f3wi\u0105c &#8211; kr\u00f3tko. Po nacieszeniu si\u0119 tym wspania\u0142ym zapachem w\u0142\u0105czam wyci\u0105g na najwy\u017csze obroty i dopiero w\u00f3wczas pozwalam sobie wyj\u015b\u0107 z domu do windy, do gara\u017cu czy do skrzynki pocztowej.<\/p>\n<p>Tak w\u0142a\u015bnie by\u0142o dzisiaj. Pi\u0119kna pr\u0119ga wo\u0142owa gotowana z w\u0142oszczyzn\u0105 odda\u0142a wszystko, co mia\u0142a w sobie najlepszego, i b\u0119dzie podana z kartoflami pure oraz gor\u0105cym sosem chrzanowym. Wydaje mi si\u0119, \u017ce ta potrawa jest w sam raz na dzisiejsz\u0105 pogod\u0119.<\/p>\n","protected":false},"excerpt":{"rendered":"<p>Mam dobry wyci\u0105g kuchenny, wi\u0119c moi s\u0105siedzi nie mog\u0105 odczuwa\u0107 niedogodno\u015bci mieszkania obok faceta bez przerwy co\u015b pichc\u0105cego.<\/p>\n","protected":false},"author":2,"featured_media":0,"comment_status":"open","ping_status":"closed","sticky":false,"template":"","format":"standard","meta":{"footnotes":""},"categories":[1],"tags":[],"_links":{"self":[{"href":"https:\/\/blog.polityka.pl\/adamczewski\/wp-json\/wp\/v2\/posts\/15605"}],"collection":[{"href":"https:\/\/blog.polityka.pl\/adamczewski\/wp-json\/wp\/v2\/posts"}],"about":[{"href":"https:\/\/blog.polityka.pl\/adamczewski\/wp-json\/wp\/v2\/types\/post"}],"author":[{"embeddable":true,"href":"https:\/\/blog.polityka.pl\/adamczewski\/wp-json\/wp\/v2\/users\/2"}],"replies":[{"embeddable":true,"href":"https:\/\/blog.polityka.pl\/adamczewski\/wp-json\/wp\/v2\/comments?post=15605"}],"version-history":[{"count":6,"href":"https:\/\/blog.polityka.pl\/adamczewski\/wp-json\/wp\/v2\/posts\/15605\/revisions"}],"predecessor-version":[{"id":15618,"href":"https:\/\/blog.polityka.pl\/adamczewski\/wp-json\/wp\/v2\/posts\/15605\/revisions\/15618"}],"wp:attachment":[{"href":"https:\/\/blog.polityka.pl\/adamczewski\/wp-json\/wp\/v2\/media?parent=15605"}],"wp:term":[{"taxonomy":"category","embeddable":true,"href":"https:\/\/blog.polityka.pl\/adamczewski\/wp-json\/wp\/v2\/categories?post=15605"},{"taxonomy":"post_tag","embeddable":true,"href":"https:\/\/blog.polityka.pl\/adamczewski\/wp-json\/wp\/v2\/tags?post=15605"}],"curies":[{"name":"wp","href":"https:\/\/api.w.org\/{rel}","templated":true}]}}