
{"id":15616,"date":"2015-10-21T07:00:03","date_gmt":"2015-10-21T05:00:03","guid":{"rendered":"http:\/\/adamczewski.blog.polityka.pl\/?p=15616"},"modified":"2015-10-22T11:27:16","modified_gmt":"2015-10-22T09:27:16","slug":"chcesz-miec-glowe-na-karku-nie-blaznuj","status":"publish","type":"post","link":"https:\/\/blog.polityka.pl\/adamczewski\/2015\/10\/21\/chcesz-miec-glowe-na-karku-nie-blaznuj\/","title":{"rendered":"Chcesz mie\u0107 g\u0142ow\u0119 na karku &#8211; nie b\u0142aznuj!"},"content":{"rendered":"<p>Na ka\u017cdym dworze kr\u00f3lewskim by\u0142 b\u0142azen. I tylko on mia\u0142 prawo natrz\u0105sa\u0107 si\u0119 z monarchy.<br \/>\n<!--more--><br \/>\nNie zawsze jednak dobrze to si\u0119 ko\u0144czy\u0142o. Gdy rz\u0105dzi\u0142 kr\u00f3l bez poczucia humoru, b\u0142azen szybko by\u0142 dekapitowany (t\u0142um. \u015bcinano mu \u0142eb).<\/p>\n<p>Sam ju\u017c parokrotnie k\u0142ad\u0142em g\u0142ow\u0119 pod top\u00f3r. Za ka\u017cdym razem by\u0142o to w mojej macierzystej redakcji. Mam tam w swoich obowi\u0105zkach wyk\u0142ady dla m\u0142odzie\u017cy licealnej i studenckiej o historii tygodnika, dziennikarstwie i funkcjonowaniu redakcji.<\/p>\n<p>Dla urozmaicenia wyk\u0142ad\u00f3w czasem rzuca\u0142em \u017carcik (to ja jednak my\u015bla\u0142em, \u017ce to \u017cart, moi s\u0142uchacze nie zawsze), \u017ce nale\u017c\u0119 do najstarszej kadry redakcyjne i jestem tu od czas\u00f3w bitwy pod Grunwaldem. Podczas jednej z takich wizyt zauwa\u017cy\u0142em, \u017ce m\u0142odzi s\u0142uchacze wszystko zapisuj\u0105. O moim kilkusetletnim sta\u017cu te\u017c. Zapyta\u0142em wi\u0119c, czy wiedz\u0105, kiedy\u017c owa bitwa by\u0142a. Nikt nie wiedzia\u0142. Eksperyment powt\u00f3rzy\u0142em jeszcze dwukrotnie &#8211; za ka\u017cdym razem z takim samym skutkiem. Po\u0142o\u017cy\u0142em wi\u0119c dobrowolnie g\u0142ow\u0119 pod top\u00f3r i kr\u00f3l Jagie\u0142\u0142o \u0142eb mi odr\u0105ba\u0142. Od tej pory ju\u017c podczas wizyt m\u0142odych czytelnik\u00f3w nie dowcipkuj\u0119.<\/p>\n<p>Pora chyba na zawieszenie \u017cart\u00f3w w ka\u017cdym przejawie \u017cycia publicznego. Dowcipy przy t\u0142uczeniu kotlet\u00f3w te\u017c mog\u0105 by\u0107 niebezpieczne. A nie zawsze znajdzie si\u0119 na podor\u0119dziu Pyra lub Nisia, kt\u00f3re sytuacj\u0119 roz\u0142aduj\u0105 i m\u00f3j siwy \u0142eb ocal\u0105.<\/p>\n<p>Wi\u0119cej powagi, panie redaktorze!<\/p>\n","protected":false},"excerpt":{"rendered":"<p>Na ka\u017cdym dworze kr\u00f3lewskim by\u0142 b\u0142azen. I tylko on mia\u0142 prawo natrz\u0105sa\u0107 si\u0119 z monarchy.<\/p>\n","protected":false},"author":2,"featured_media":0,"comment_status":"open","ping_status":"closed","sticky":false,"template":"","format":"standard","meta":{"footnotes":""},"categories":[1],"tags":[],"_links":{"self":[{"href":"https:\/\/blog.polityka.pl\/adamczewski\/wp-json\/wp\/v2\/posts\/15616"}],"collection":[{"href":"https:\/\/blog.polityka.pl\/adamczewski\/wp-json\/wp\/v2\/posts"}],"about":[{"href":"https:\/\/blog.polityka.pl\/adamczewski\/wp-json\/wp\/v2\/types\/post"}],"author":[{"embeddable":true,"href":"https:\/\/blog.polityka.pl\/adamczewski\/wp-json\/wp\/v2\/users\/2"}],"replies":[{"embeddable":true,"href":"https:\/\/blog.polityka.pl\/adamczewski\/wp-json\/wp\/v2\/comments?post=15616"}],"version-history":[{"count":3,"href":"https:\/\/blog.polityka.pl\/adamczewski\/wp-json\/wp\/v2\/posts\/15616\/revisions"}],"predecessor-version":[{"id":15620,"href":"https:\/\/blog.polityka.pl\/adamczewski\/wp-json\/wp\/v2\/posts\/15616\/revisions\/15620"}],"wp:attachment":[{"href":"https:\/\/blog.polityka.pl\/adamczewski\/wp-json\/wp\/v2\/media?parent=15616"}],"wp:term":[{"taxonomy":"category","embeddable":true,"href":"https:\/\/blog.polityka.pl\/adamczewski\/wp-json\/wp\/v2\/categories?post=15616"},{"taxonomy":"post_tag","embeddable":true,"href":"https:\/\/blog.polityka.pl\/adamczewski\/wp-json\/wp\/v2\/tags?post=15616"}],"curies":[{"name":"wp","href":"https:\/\/api.w.org\/{rel}","templated":true}]}}