
{"id":15630,"date":"2015-10-26T07:00:26","date_gmt":"2015-10-26T06:00:26","guid":{"rendered":"http:\/\/adamczewski.blog.polityka.pl\/?p=15630"},"modified":"2015-10-26T14:44:41","modified_gmt":"2015-10-26T13:44:41","slug":"troche-dobry-troche-zly","status":"publish","type":"post","link":"https:\/\/blog.polityka.pl\/adamczewski\/2015\/10\/26\/troche-dobry-troche-zly\/","title":{"rendered":"Troch\u0119 dobry, troch\u0119 &#8222;Z\u0142y&#8221;"},"content":{"rendered":"<p>Pami\u0119tam, gdy po premierze tej ksi\u0105\u017cki ca\u0142a Warszawa zach\u0142ystywa\u0142a si\u0119 z zachwytu. Sam w\u0142o\u017cy\u0142em wiele stara\u0144, by zdoby\u0107 na w\u0142asno\u015b\u0107 egzemplarz tej ksi\u0105\u017cki Tyrmanda.<br \/>\n<!--more--><br \/>\nWprawdzie recenzje by\u0142y do\u015b\u0107 ch\u0142odne, bo to autor niezbyt mile widziany przez w\u0142adze, i ksi\u0105\u017cka &#8211; nie do\u015b\u0107, \u017ce krymina\u0142, to nie bohaterski milicjant i jego towarzysze byli wy\u0142\u0105cznymi pozytywnymi bohaterami &#8211; prezentuj\u0105ca obyczajowe, a skrywane przez w\u0142adze tajemnice mieszka\u0144c\u00f3w Warszawy.<\/p>\n<p>Kluby inteligenckich i artystycznych elit, jazz, moda, bikiniarze do niedawna pot\u0119piane w czambu\u0142 przez pras\u0119, w ksi\u0105\u017cce Tyrmanda nie tylko wysz\u0142y z podziemia, ale zosta\u0142y pokazane wr\u0119cz sympatycznie. Nawet podziemie gospodarcze miewa\u0142o swoje jasne strony. Im bardziej ksi\u0105\u017cka nie podoba\u0142a si\u0119 w\u0142adzom, tym bardziej szukali jej czytelnicy.<\/p>\n<p>Po p\u00f3\u0142 wieku dzie\u0142o wznowiono. Gdy zobaczy\u0142em rzucaj\u0105c\u0105 si\u0119 w oczy ok\u0142adk\u0119, natychmiast &#8222;Z\u0142ego&#8221; kupi\u0142em. By\u0142em bardzo ciekaw, jak po tylu latach i tylu ksi\u0105\u017ckach przyjm\u0119 t\u0119 lektur\u0119.<br \/>\nNiestety mimo wielkiej sympatii do autora i dobrej pami\u0119ci o &#8222;Z\u0142ym&#8221; sprzed lat nie by\u0142em w stanie przeczyta\u0107 ca\u0142o\u015bci. Ksi\u0105\u017cka po prostu si\u0119 zestarza\u0142a. Dzi\u015b &#8211; zw\u0142aszcza krymina\u0142y &#8211; pisze si\u0119 ca\u0142kiem inaczej. W sferze obyczajowej styl Tyrmanda te\u017c wyda\u0142 mi si\u0119 naiwny i ma\u0142o frapuj\u0105cy.<\/p>\n<p>Mam jednocze\u015bnie w pami\u0119ci inn\u0105 (znacznie starsz\u0105) ksi\u0105\u017ck\u0119 opisuj\u0105c\u0105 Warszaw\u0119 i jej mroczne strony. Mam na my\u015bli &#8222;Lalk\u0119&#8221;, kt\u00f3ra nie starzeje si\u0119, nadal podczas lektury trzyma w napi\u0119ciu i sprawia czytelnikowi wiele rado\u015bci.<\/p>\n<p>Troch\u0119 o\u017cywienia przy przewracaniu stron powodowa\u0142y precyzyjne i atrakcyjne opisy tego, co bohaterowie miewali na swoich talerzach. W tej sferze jest dobra lektura dla smakoszy historyk\u00f3w.<\/p>\n","protected":false},"excerpt":{"rendered":"<p>Pami\u0119tam, gdy po premierze tej ksi\u0105\u017cki ca\u0142a Warszawa zach\u0142ystywa\u0142a si\u0119 z zachwytu. Sam w\u0142o\u017cy\u0142em wiele stara\u0144, by zdoby\u0107 na w\u0142asno\u015b\u0107 egzemplarz tej ksi\u0105\u017cki Tyrmanda.<\/p>\n","protected":false},"author":2,"featured_media":0,"comment_status":"open","ping_status":"closed","sticky":false,"template":"","format":"standard","meta":{"footnotes":""},"categories":[1],"tags":[],"_links":{"self":[{"href":"https:\/\/blog.polityka.pl\/adamczewski\/wp-json\/wp\/v2\/posts\/15630"}],"collection":[{"href":"https:\/\/blog.polityka.pl\/adamczewski\/wp-json\/wp\/v2\/posts"}],"about":[{"href":"https:\/\/blog.polityka.pl\/adamczewski\/wp-json\/wp\/v2\/types\/post"}],"author":[{"embeddable":true,"href":"https:\/\/blog.polityka.pl\/adamczewski\/wp-json\/wp\/v2\/users\/2"}],"replies":[{"embeddable":true,"href":"https:\/\/blog.polityka.pl\/adamczewski\/wp-json\/wp\/v2\/comments?post=15630"}],"version-history":[{"count":5,"href":"https:\/\/blog.polityka.pl\/adamczewski\/wp-json\/wp\/v2\/posts\/15630\/revisions"}],"predecessor-version":[{"id":15632,"href":"https:\/\/blog.polityka.pl\/adamczewski\/wp-json\/wp\/v2\/posts\/15630\/revisions\/15632"}],"wp:attachment":[{"href":"https:\/\/blog.polityka.pl\/adamczewski\/wp-json\/wp\/v2\/media?parent=15630"}],"wp:term":[{"taxonomy":"category","embeddable":true,"href":"https:\/\/blog.polityka.pl\/adamczewski\/wp-json\/wp\/v2\/categories?post=15630"},{"taxonomy":"post_tag","embeddable":true,"href":"https:\/\/blog.polityka.pl\/adamczewski\/wp-json\/wp\/v2\/tags?post=15630"}],"curies":[{"name":"wp","href":"https:\/\/api.w.org\/{rel}","templated":true}]}}