
{"id":15647,"date":"2015-10-28T07:00:20","date_gmt":"2015-10-28T06:00:20","guid":{"rendered":"http:\/\/adamczewski.blog.polityka.pl\/?p=15647"},"modified":"2015-10-28T14:42:32","modified_gmt":"2015-10-28T13:42:32","slug":"trzeba-zrobic-zapas-cukierkow","status":"publish","type":"post","link":"https:\/\/blog.polityka.pl\/adamczewski\/2015\/10\/28\/trzeba-zrobic-zapas-cukierkow\/","title":{"rendered":"Trzeba zrobi\u0107 zapas cukierk\u00f3w"},"content":{"rendered":"<p>Sprawa jest jasna. W niedziel\u0119 &#8211; Wszystkich \u015awi\u0119tych, a dzie\u0144 wcze\u015bniej &#8211; Halloween. Od paru lat najm\u0142odsi mieszka\u0144cy mojego domu ganiaj\u0105 po klatkach schodowych i pukaj\u0105 do wszystkich drzwi. Maj\u0105 na sobie przedziwne stroje i straszne maski.<br \/>\n<!--more--><br \/>\nPoniewa\u017c nie jestem przeciwnikiem czerpania z innych kultur i obyczaj\u00f3w, nie zwalczam tego \u015bwi\u0119ta, zw\u0142aszcza \u017ce dzieciaki s\u0105 mi\u0142e, nienatr\u0119tne, popisuj\u0105 si\u0119 piosenkami b\u0105d\u017a wierszykami. W ubieg\u0142ym roku, spodziewaj\u0105c si\u0119 ich wizyty, sam na\u0142o\u017cy\u0142em weneck\u0105 mask\u0119 doktora z d\u0142ugachnym nosem, czym wprawi\u0142em ma\u0142ych go\u015bci w stan os\u0142upienia, a nawet chyba pocz\u0105tkowo i przera\u017cenia. Potem wsp\u00f3lnie zataczali\u015bmy si\u0119 ze \u015bmiechu. W tym roku musz\u0119 wymy\u015bli\u0107 co\u015b innego.<\/p>\n<p>Tak\u017ce rodzin\u0119 uracz\u0119 halloweenow\u0105 potraw\u0105. Zrobi\u0119 po prostu wydr\u0105\u017con\u0105 dyni\u0119 nafaszerowan\u0105 kawa\u0142kami r\u00f3\u017cnych ser\u00f3w, zalanych kieliszkiem bia\u0142ego wina i tak d\u0142ugo trzymanych w piekarniku, a\u017c najtwardszy z ser\u00f3w przejdzie w stan p\u0142ynny. Wszyscy lubimy to danie i przypominamy sobie o nim na og\u00f3\u0142 w\u0142a\u015bnie o tej porze roku. <\/p>\n<p>I mamy nadziej\u0119, \u017ce ten india\u0144ski zwyczaj nie zostanie wypleniony z polskiego krajobrazu. Aby go podtrzyma\u0107, kupimy du\u017co dobrych s\u0142odyczy. Dzieciaki zapami\u0119taj\u0105 nasz adres i za rok, by\u0107 mo\u017ce, te\u017c za\u015bpiewaj\u0105 pod naszymi drzwiami.<\/p>\n","protected":false},"excerpt":{"rendered":"<p>Sprawa jest jasna. W niedziel\u0119 &#8211; Wszystkich \u015awi\u0119tych, a dzie\u0144 wcze\u015bniej &#8211; Halloween. Od paru lat najm\u0142odsi mieszka\u0144cy mojego domu ganiaj\u0105 po klatkach schodowych i pukaj\u0105 do wszystkich drzwi. Maj\u0105 na sobie przedziwne stroje i straszne maski.<\/p>\n","protected":false},"author":2,"featured_media":0,"comment_status":"open","ping_status":"closed","sticky":false,"template":"","format":"standard","meta":{"footnotes":""},"categories":[1],"tags":[],"_links":{"self":[{"href":"https:\/\/blog.polityka.pl\/adamczewski\/wp-json\/wp\/v2\/posts\/15647"}],"collection":[{"href":"https:\/\/blog.polityka.pl\/adamczewski\/wp-json\/wp\/v2\/posts"}],"about":[{"href":"https:\/\/blog.polityka.pl\/adamczewski\/wp-json\/wp\/v2\/types\/post"}],"author":[{"embeddable":true,"href":"https:\/\/blog.polityka.pl\/adamczewski\/wp-json\/wp\/v2\/users\/2"}],"replies":[{"embeddable":true,"href":"https:\/\/blog.polityka.pl\/adamczewski\/wp-json\/wp\/v2\/comments?post=15647"}],"version-history":[{"count":5,"href":"https:\/\/blog.polityka.pl\/adamczewski\/wp-json\/wp\/v2\/posts\/15647\/revisions"}],"predecessor-version":[{"id":15658,"href":"https:\/\/blog.polityka.pl\/adamczewski\/wp-json\/wp\/v2\/posts\/15647\/revisions\/15658"}],"wp:attachment":[{"href":"https:\/\/blog.polityka.pl\/adamczewski\/wp-json\/wp\/v2\/media?parent=15647"}],"wp:term":[{"taxonomy":"category","embeddable":true,"href":"https:\/\/blog.polityka.pl\/adamczewski\/wp-json\/wp\/v2\/categories?post=15647"},{"taxonomy":"post_tag","embeddable":true,"href":"https:\/\/blog.polityka.pl\/adamczewski\/wp-json\/wp\/v2\/tags?post=15647"}],"curies":[{"name":"wp","href":"https:\/\/api.w.org\/{rel}","templated":true}]}}