
{"id":15703,"date":"2015-11-13T07:00:40","date_gmt":"2015-11-13T06:00:40","guid":{"rendered":"http:\/\/adamczewski.blog.polityka.pl\/?p=15703"},"modified":"2015-11-15T21:11:20","modified_gmt":"2015-11-15T20:11:20","slug":"jak-kaleczyc-mowe-polska","status":"publish","type":"post","link":"https:\/\/blog.polityka.pl\/adamczewski\/2015\/11\/13\/jak-kaleczyc-mowe-polska\/","title":{"rendered":"Jak kaleczy\u0107 mow\u0119 polsk\u0105"},"content":{"rendered":"<p>Wszystko zacz\u0119\u0142o si\u0119 w szkole. Nasza wnuczka maj\u0105ca niezwyk\u0142e wyczucie j\u0119zykowe bez przerwy wchodzi\u0142a w konflikty z nauczycielkami, bo bez ogr\u00f3dek poprawia\u0142a ich b\u0142\u0119dy j\u0119zykowe: gramatyczne, stylistyczne i przede wszystkim b\u0142\u0119dy wymowy.<br \/>\n<!--more--><br \/>\nDo dobrej, poprawnej polszczyzny nasi potomkowie \u2013 moim zdaniem \u2013 doszli dzi\u0119ki dobremu s\u0142uchowi muzycznemu i doskona\u0142ej pami\u0119ci. Po prostu os\u0142uchali si\u0119 j\u0119zykowo, uczestnicz\u0105c w rozmowach rodzinnych i rozmawiaj\u0105c z naszymi przyjaci\u00f3\u0142mi, w\u015br\u00f3d kt\u00f3rych wszyscy to ludzie kulturalni. Mia\u0142a te\u017c sw\u00f3j wp\u0142yw i literatura. A nale\u017ca\u0142y do wyj\u0105tkowo du\u017co czytaj\u0105cych.<\/p>\n<p>Doskonale rozumieli\u015bmy oburzenie profesorek, bo taki smarkacz mo\u017ce by\u0107 bardzo dokuczliwy, zw\u0142aszcza gdy si\u0119 upiera przy swoim i obni\u017ca autorytet pedagoga wobec ca\u0142ej klasy.<\/p>\n<p>Jednocze\u015bnie nie chcieli\u015bmy ca\u0142kowicie jej tego zakaza\u0107, zw\u0142aszcza motywuj\u0105c zakaz nak\u0142aniaj\u0105c dziewczynk\u0119 do oportunizmu. T\u0142umaczyli\u015bmy wi\u0119c, \u017ce nie nale\u017cy tego robi\u0107 bez przerwy i do tego arogancko.<\/p>\n<p>Szko\u0142a na szcz\u0119\u015bcie nie trwa zbyt d\u0142ugo i uda\u0142o si\u0119 j\u0105 mimo tych przeszk\u00f3d uko\u0144czy\u0107.<\/p>\n<p>Po maturze okaza\u0142o si\u0119, \u017ce poprawna wymowa to nie by\u0142 tylko \u201ekonik\u201d uczennicy. Posz\u0142a ona bowiem na studia logopedyczne prowadzone wsp\u00f3lnie przez Uniwersytet Medyczny i Wydzia\u0142 Polonistyki Uniwersytetu Warszawskiego.<\/p>\n<p>Od tej pory to i my musimy uwa\u017ca\u0107 na sw\u00f3j spos\u00f3b m\u00f3wienia. Ale nie martwimy si\u0119 o przysz\u0142o\u015b\u0107 wnuczki. B\u0119dzie mia\u0142a du\u017co zaj\u0119\u0107. Jeste\u015bmy tego pewni, s\u0142uchaj\u0105c wyst\u0105pie\u0144 polityk\u00f3w, kt\u00f3rzy robiom i m\u00f3wiom, a tak\u017ce dziennikarzy radiowych, kt\u00f3rzy dla odmiany gadajo i \u015bpiewajo.<\/p>\n<p>Tyle tylko, \u017ce studentk\u0119 najbardziej pasjonuje praca z dzie\u0107mi maj\u0105cymi wrodzone wady, jak np. j\u0105kanie. Boimy si\u0119 natomiast wsp\u00f3lnych wypad\u00f3w do restauracji, w kt\u00f3rych przy s\u0105siednich stolikach mo\u017cna us\u0142ysze\u0107 nie tylko, \u017ce wszystko to lypa.<\/p>\n","protected":false},"excerpt":{"rendered":"<p>Wszystko zacz\u0119\u0142o si\u0119 w szkole. Nasza wnuczka maj\u0105ca niezwyk\u0142e wyczucie j\u0119zykowe bez przerwy wchodzi\u0142a w konflikty z nauczycielkami, bo bez ogr\u00f3dek poprawia\u0142a ich b\u0142\u0119dy j\u0119zykowe: gramatyczne, stylistyczne i przede wszystkim b\u0142\u0119dy wymowy.<\/p>\n","protected":false},"author":2,"featured_media":0,"comment_status":"open","ping_status":"closed","sticky":false,"template":"","format":"standard","meta":{"footnotes":""},"categories":[1],"tags":[],"_links":{"self":[{"href":"https:\/\/blog.polityka.pl\/adamczewski\/wp-json\/wp\/v2\/posts\/15703"}],"collection":[{"href":"https:\/\/blog.polityka.pl\/adamczewski\/wp-json\/wp\/v2\/posts"}],"about":[{"href":"https:\/\/blog.polityka.pl\/adamczewski\/wp-json\/wp\/v2\/types\/post"}],"author":[{"embeddable":true,"href":"https:\/\/blog.polityka.pl\/adamczewski\/wp-json\/wp\/v2\/users\/2"}],"replies":[{"embeddable":true,"href":"https:\/\/blog.polityka.pl\/adamczewski\/wp-json\/wp\/v2\/comments?post=15703"}],"version-history":[{"count":3,"href":"https:\/\/blog.polityka.pl\/adamczewski\/wp-json\/wp\/v2\/posts\/15703\/revisions"}],"predecessor-version":[{"id":15725,"href":"https:\/\/blog.polityka.pl\/adamczewski\/wp-json\/wp\/v2\/posts\/15703\/revisions\/15725"}],"wp:attachment":[{"href":"https:\/\/blog.polityka.pl\/adamczewski\/wp-json\/wp\/v2\/media?parent=15703"}],"wp:term":[{"taxonomy":"category","embeddable":true,"href":"https:\/\/blog.polityka.pl\/adamczewski\/wp-json\/wp\/v2\/categories?post=15703"},{"taxonomy":"post_tag","embeddable":true,"href":"https:\/\/blog.polityka.pl\/adamczewski\/wp-json\/wp\/v2\/tags?post=15703"}],"curies":[{"name":"wp","href":"https:\/\/api.w.org\/{rel}","templated":true}]}}