
{"id":15712,"date":"2015-11-17T07:00:01","date_gmt":"2015-11-17T06:00:01","guid":{"rendered":"http:\/\/adamczewski.blog.polityka.pl\/?p=15712"},"modified":"2015-11-17T15:42:38","modified_gmt":"2015-11-17T14:42:38","slug":"chinskie-pierozki-to-wielka-frajda","status":"publish","type":"post","link":"https:\/\/blog.polityka.pl\/adamczewski\/2015\/11\/17\/chinskie-pierozki-to-wielka-frajda\/","title":{"rendered":"Chi\u0144skie piero\u017cki to wielka frajda"},"content":{"rendered":"<p>Co jaki\u015b czas nachodzi mnie wielki apetyt na chi\u0144skie piero\u017cki jiaozi. Pogoda jednak zniech\u0119ca do opuszczenia ciep\u0142ego domu. Na og\u00f3\u0142 deszcz i wiatr w tej rywalizacji zwyci\u0119\u017caj\u0105 i drugie \u015bniadania jadamy we w\u0142asnym domu.<br \/>\n<!--more--><br \/>\nTym razem by\u0142o inaczej. W soboty Basia ma wyk\u0142ady w szkole, kt\u00f3ra mie\u015bci si\u0119 na Saskiej K\u0119pie. Cz\u0119sto podczas przerw wdaje si\u0119 w pogaw\u0119dki ze studentami. Na og\u00f3\u0142 dotycz\u0105 one tematu ich studi\u00f3w, czyli jedzenia. Przy okazji sobotniego wyk\u0142adu dowiedzia\u0142a si\u0119, \u017ce niedaleko, przy ul. Niek\u0142a\u0144skiej, mie\u015bci si\u0119 To Tu \u2013 dumpling bar. To chi\u0144ska pierogarnia sprzedaj\u0105ca tak\u017ce na wynos (i mo\u017cna zamawia\u0107 z dowozem do domu).<\/p>\n<p>Po zaj\u0119ciach studenci dopilotowali swoj\u0105 wyk\u0142adowczyni\u0119 na s\u0105siedni\u0105 ulic\u0119 \u2013 sobie te\u017c przy okazji zam\u00f3wili ulubione piero\u017cki \u2013 gdzie Basia kupi\u0142a dwie porcje licz\u0105ce po osiem sztuk, ka\u017cda z sosem sojowym. By\u0142y to piero\u017cki z wieprzowin\u0105 i krewetkami oraz z warzywami. Do tego deser \u2013 budy\u0144 waniliowy z tapiok\u0105 i owocami. Ca\u0142o\u015b\u0107 kosztowa\u0142a 23 z\u0142.<\/p>\n<div id=\"attachment_15731\" style=\"width: 630px\" class=\"wp-caption aligncenter\"><a href=\"\/wp-content\/uploads\/2015\/11\/Piero\u017cki-chi\u0144skie.jpg\"><img loading=\"lazy\" decoding=\"async\" aria-describedby=\"caption-attachment-15731\" src=\"\/wp-content\/uploads\/2015\/11\/Piero\u017cki-chi\u0144skie-1024x768.jpg\" alt=\"Fot. Getty Images\" width=\"620\" height=\"465\" class=\"size-large wp-image-15731\" srcset=\"\/adamczewski\/wp-content\/uploads\/2015\/11\/Piero\u017cki-chi\u0144skie.jpg 1024w, \/adamczewski\/wp-content\/uploads\/2015\/11\/Piero\u017cki-chi\u0144skie-300x225.jpg 300w\" sizes=\"(max-width: 620px) 100vw, 620px\" \/><\/a><p id=\"caption-attachment-15731\" class=\"wp-caption-text\">Fot. Getty Images<\/p><\/div>\n<p>Piero\u017cki dojecha\u0142y na Mokot\u00f3w w stanie w\u0142a\u015bciwym, czyli do\u015b\u0107 gor\u0105ce. W smaku by\u0142y wprost rewelacyjne, a ciasto mia\u0142y lekko gumowate (jak trzeba) i prawie przezroczyste. Drugie \u015bniadanie, cho\u0107 nieco sp\u00f3\u017anione, bo spa\u0142aszowane tu\u017c przed drug\u0105 po po\u0142udniu, sprawi\u0142o mi wielk\u0105 frajd\u0119. Nast\u0119pne wyk\u0142ady \u2013 we wtorek. Spo\u015br\u00f3d czternastu rodzaj\u00f3w piero\u017ck\u00f3w wybrali\u015bmy dwa inne zestawy. Deser \u2013 bez zmian!<\/p>\n<p>Na li\u015bcie da\u0144 s\u0105 te\u017c fajne sa\u0142atki kim chi, algi morskie, wodorosty Wakami. S\u0105 tak\u017ce zupy, a w\u015br\u00f3d nich won ton. Barki ToTu z piero\u017ckami s\u0105 tak\u017ce na Goc\u0142awiu, Kabatach i \u017boliborzu. Poleci\u0142em je przyjacio\u0142om mieszkaj\u0105cym w pobli\u017cu. A sami b\u0119dziemy z nich korzysta\u0107, ile razy przyjdzie nam apetyt na chi\u0144skie przysmaki.<\/p>\n","protected":false},"excerpt":{"rendered":"<p>Co jaki\u015b czas nachodzi mnie wielki apetyt na chi\u0144skie piero\u017cki jiaozi. Pogoda jednak zniech\u0119ca do opuszczenia ciep\u0142ego domu. Na og\u00f3\u0142 deszcz i wiatr w tej rywalizacji zwyci\u0119\u017caj\u0105 i drugie \u015bniadania jadamy we w\u0142asnym domu.<\/p>\n","protected":false},"author":2,"featured_media":0,"comment_status":"open","ping_status":"closed","sticky":false,"template":"","format":"standard","meta":{"footnotes":""},"categories":[1],"tags":[],"_links":{"self":[{"href":"https:\/\/blog.polityka.pl\/adamczewski\/wp-json\/wp\/v2\/posts\/15712"}],"collection":[{"href":"https:\/\/blog.polityka.pl\/adamczewski\/wp-json\/wp\/v2\/posts"}],"about":[{"href":"https:\/\/blog.polityka.pl\/adamczewski\/wp-json\/wp\/v2\/types\/post"}],"author":[{"embeddable":true,"href":"https:\/\/blog.polityka.pl\/adamczewski\/wp-json\/wp\/v2\/users\/2"}],"replies":[{"embeddable":true,"href":"https:\/\/blog.polityka.pl\/adamczewski\/wp-json\/wp\/v2\/comments?post=15712"}],"version-history":[{"count":7,"href":"https:\/\/blog.polityka.pl\/adamczewski\/wp-json\/wp\/v2\/posts\/15712\/revisions"}],"predecessor-version":[{"id":15721,"href":"https:\/\/blog.polityka.pl\/adamczewski\/wp-json\/wp\/v2\/posts\/15712\/revisions\/15721"}],"wp:attachment":[{"href":"https:\/\/blog.polityka.pl\/adamczewski\/wp-json\/wp\/v2\/media?parent=15712"}],"wp:term":[{"taxonomy":"category","embeddable":true,"href":"https:\/\/blog.polityka.pl\/adamczewski\/wp-json\/wp\/v2\/categories?post=15712"},{"taxonomy":"post_tag","embeddable":true,"href":"https:\/\/blog.polityka.pl\/adamczewski\/wp-json\/wp\/v2\/tags?post=15712"}],"curies":[{"name":"wp","href":"https:\/\/api.w.org\/{rel}","templated":true}]}}