
{"id":15714,"date":"2015-11-18T07:00:19","date_gmt":"2015-11-18T06:00:19","guid":{"rendered":"http:\/\/adamczewski.blog.polityka.pl\/?p=15714"},"modified":"2015-11-17T15:43:10","modified_gmt":"2015-11-17T14:43:10","slug":"15714","status":"publish","type":"post","link":"https:\/\/blog.polityka.pl\/adamczewski\/2015\/11\/18\/15714\/","title":{"rendered":"Lataj\u0105ce ryby"},"content":{"rendered":"<p>Okazuje si\u0119, \u017ce lataj\u0105ce ryby potrafi\u0105 dofrun\u0105\u0107 i do Warszawy.<br \/>\n<!--more--><br \/>\nNajpierw pojawi\u0142y si\u0119 na Powi\u015blu, gdzie otwarto nocny Targ Rybny pod restauracj\u0105 Zielony Nied\u017awied\u017a. Dzi\u0119ki firmie Fish Lovers w pi\u0105tek wieczorem (od godz. 19.30 do 22) pod restauracj\u0105 Zielony Nied\u017awied\u017a (Smolna 4) mo\u017cna kupi\u0107 \u015bwie\u017ce ryby i owoce morza z Atlantyku. Dolatuj\u0105 one do Warszawy samolotami prosto z \u0142owisk.<a href=\"\/wp-content\/uploads\/2015\/11\/Norwegia-w-sieci-pe\u0142no.jpg\"><img loading=\"lazy\" decoding=\"async\" src=\"\/wp-content\/uploads\/2015\/11\/Norwegia-w-sieci-pe\u0142no.jpg\" alt=\"Norwegia w sieci pe\u0142no\" width=\"499\" height=\"330\" class=\"aligncenter size-full wp-image-15729\" srcset=\"\/adamczewski\/wp-content\/uploads\/2015\/11\/Norwegia-w-sieci-pe\u0142no.jpg 499w, \/adamczewski\/wp-content\/uploads\/2015\/11\/Norwegia-w-sieci-pe\u0142no-300x198.jpg 300w\" sizes=\"(max-width: 499px) 100vw, 499px\" \/><\/a>Zg\u0142odniali mi\u0142o\u015bnicy zupy rybnej lub \u015bwie\u017cych krewetek z patelni mog\u0105 wykorzysta\u0107 s\u0105siedztwo Zielonego Nied\u017awiedzia, gdzie tymi smako\u0142ykami nakarmi\u0105.<\/p>\n<p>Nie tylko mi\u0142o\u015bnicy nocnych w\u0119dr\u00f3wek po Warszawie mog\u0105 kupi\u0107 \u015bwie\u017ce homary czy okonie morskie. Od minionego pi\u0105tku czynny jest Targ Rybny na placu Powsta\u0144c\u00f3w Warszawy. Pod specjalnie ustawionymi namiotami rozstawiono stoiska, na kt\u00f3rych kupi\u0107 mo\u017cna wszystko, co p\u0142ywa w Atlantyku i innych morzach. Krzysztof Cybruch \u2013 organizator tak\u017ce Targ\u00f3w \u015bniadaniowych \u2013 sprowadza \u015bwie\u017cy po\u0142\u00f3w prosto z sieci. Opr\u00f3cz \u015bwie\u017cych owoc\u00f3w morza, takich np. jak os\u0142awione o\u015bmiorniczki, mo\u017cna tu kupi\u0107 ryby w\u0119dzone, pasztety czy filety o grubo\u015bci wyznaczonej przez klienta. Mo\u017cna uraczy\u0107 si\u0119 te\u017c \u015bwie\u017c\u0105 ryb\u0105 prosto z patelni.<\/p>\n<p>Na placu ustawiono tak\u017ce toalety, kosze na odpadki &#8211; czyli pomy\u015blano, by po zamkni\u0119ciu Targu (a czynny on bywa w pi\u0105tki od 12 w po\u0142udnie do 20 wieczorem) nie zosta\u0142o po nim ani \u015bladu. Mam nadziej\u0119, \u017ce projekt Krzysztofa Cybrucha i pomys\u0142 Jakuba Pieni\u0105\u017cka z Fish Lovers (Targ Nocny na Powi\u015blu) nie b\u0119d\u0105 efemerydami, tylko na sta\u0142e osi\u0105d\u0105 w gastronomicznym krajobrazie stolicy.<\/p>\n","protected":false},"excerpt":{"rendered":"<p>Okazuje si\u0119, \u017ce lataj\u0105ce ryby potrafi\u0105 dofrun\u0105\u0107 i do Warszawy.<\/p>\n","protected":false},"author":2,"featured_media":0,"comment_status":"open","ping_status":"closed","sticky":false,"template":"","format":"standard","meta":{"footnotes":""},"categories":[1],"tags":[],"_links":{"self":[{"href":"https:\/\/blog.polityka.pl\/adamczewski\/wp-json\/wp\/v2\/posts\/15714"}],"collection":[{"href":"https:\/\/blog.polityka.pl\/adamczewski\/wp-json\/wp\/v2\/posts"}],"about":[{"href":"https:\/\/blog.polityka.pl\/adamczewski\/wp-json\/wp\/v2\/types\/post"}],"author":[{"embeddable":true,"href":"https:\/\/blog.polityka.pl\/adamczewski\/wp-json\/wp\/v2\/users\/2"}],"replies":[{"embeddable":true,"href":"https:\/\/blog.polityka.pl\/adamczewski\/wp-json\/wp\/v2\/comments?post=15714"}],"version-history":[{"count":8,"href":"https:\/\/blog.polityka.pl\/adamczewski\/wp-json\/wp\/v2\/posts\/15714\/revisions"}],"predecessor-version":[{"id":15719,"href":"https:\/\/blog.polityka.pl\/adamczewski\/wp-json\/wp\/v2\/posts\/15714\/revisions\/15719"}],"wp:attachment":[{"href":"https:\/\/blog.polityka.pl\/adamczewski\/wp-json\/wp\/v2\/media?parent=15714"}],"wp:term":[{"taxonomy":"category","embeddable":true,"href":"https:\/\/blog.polityka.pl\/adamczewski\/wp-json\/wp\/v2\/categories?post=15714"},{"taxonomy":"post_tag","embeddable":true,"href":"https:\/\/blog.polityka.pl\/adamczewski\/wp-json\/wp\/v2\/tags?post=15714"}],"curies":[{"name":"wp","href":"https:\/\/api.w.org\/{rel}","templated":true}]}}