
{"id":15752,"date":"2015-11-23T07:00:25","date_gmt":"2015-11-23T06:00:25","guid":{"rendered":"http:\/\/adamczewski.blog.polityka.pl\/?p=15752"},"modified":"2015-11-22T20:39:46","modified_gmt":"2015-11-22T19:39:46","slug":"co-jest-najtrudniejsze-w-dlugotrwalym-zwiazku","status":"publish","type":"post","link":"https:\/\/blog.polityka.pl\/adamczewski\/2015\/11\/23\/co-jest-najtrudniejsze-w-dlugotrwalym-zwiazku\/","title":{"rendered":"Co jest najtrudniejsze w d\u0142ugotrwa\u0142ym zwi\u0105zku"},"content":{"rendered":"<p>Jak wybra\u0107 w\u0142a\u015bciwy prezent?<br \/>\n<!--more--><br \/>\nZbli\u017ca si\u0119 Barb\u00f3rka. To dla mnie bardzo trudny dzie\u0144. W tym roku ju\u017c po raz 55. musz\u0119 wymy\u015bli\u0107 jaki\u015b oryginalny i jednocze\u015bnie efektowny prezent. Mog\u0119 nad tym problemem spokojnie si\u0119 rozwodzi\u0107 na blogu, bo Basia nigdy tu nie zagl\u0105da, zostawiaj\u0105c kontakty blogowe jako sfer\u0119 wy\u0142\u0105cznie moj\u0105, \u015bci\u015ble prywatn\u0105.<\/p>\n<p>Co roku prze\u017cywam te upominkowe rozterki i zwykle ko\u0144cz\u0105 si\u0119 one kolejn\u0105 butelk\u0105 perfum. Znam bowiem gust solenizantki, a i m\u00f3j przez te lata ewoluowa\u0142 w tym samym kierunku. Ostatnio wybra\u0142em Insolence Guerlaina, co okaza\u0142o si\u0119 trafnym wyborem. Ale przecie\u017c nie mo\u017cna powtarza\u0107 co roku tego samego.<\/p>\n<p>Musz\u0119 wi\u0119c szybko znale\u017a\u0107 woln\u0105 chwil\u0119 i wybra\u0107 si\u0119 do najbli\u017cszej dobrej perfumerii. Na szcz\u0119\u015bcie katar mnie omin\u0105\u0142, wi\u0119c w\u0119ch mam nieskazitelny. Zobaczymy, co nos mi wska\u017ce. Przy pomocy rzecz jasna mi\u0142ych panienek pracuj\u0105cych w Sephorze, kt\u00f3re zawsze ch\u0119tnie doradzaj\u0105 i znaj\u0105c nasze gusta, podsuwaj\u0105 nowe pi\u0119kne zapachy.<\/p>\n<p>Nigdy dot\u0105d nie liczy\u0142em, ile razy zmienia\u0142em rodzaj perfum dawanych w upominku. Sam jestem bardzo konserwatywny i tylko raz zmieni\u0142em Fahrenheita Diora, bo mnie uczuli\u0142 po 16 latach u\u017cywania, na Allure Chanela, przy kt\u00f3rym pewnie wytrwam, bo go polubi\u0142em.<\/p>\n<p>Kobiety jednak lubi\u0105 zmiany. Zw\u0142aszcza w tej dziedzinie.<\/p>\n","protected":false},"excerpt":{"rendered":"<p>Jak wybra\u0107 w\u0142a\u015bciwy prezent?<\/p>\n","protected":false},"author":2,"featured_media":0,"comment_status":"open","ping_status":"closed","sticky":false,"template":"","format":"standard","meta":{"footnotes":""},"categories":[1],"tags":[],"_links":{"self":[{"href":"https:\/\/blog.polityka.pl\/adamczewski\/wp-json\/wp\/v2\/posts\/15752"}],"collection":[{"href":"https:\/\/blog.polityka.pl\/adamczewski\/wp-json\/wp\/v2\/posts"}],"about":[{"href":"https:\/\/blog.polityka.pl\/adamczewski\/wp-json\/wp\/v2\/types\/post"}],"author":[{"embeddable":true,"href":"https:\/\/blog.polityka.pl\/adamczewski\/wp-json\/wp\/v2\/users\/2"}],"replies":[{"embeddable":true,"href":"https:\/\/blog.polityka.pl\/adamczewski\/wp-json\/wp\/v2\/comments?post=15752"}],"version-history":[{"count":2,"href":"https:\/\/blog.polityka.pl\/adamczewski\/wp-json\/wp\/v2\/posts\/15752\/revisions"}],"predecessor-version":[{"id":15755,"href":"https:\/\/blog.polityka.pl\/adamczewski\/wp-json\/wp\/v2\/posts\/15752\/revisions\/15755"}],"wp:attachment":[{"href":"https:\/\/blog.polityka.pl\/adamczewski\/wp-json\/wp\/v2\/media?parent=15752"}],"wp:term":[{"taxonomy":"category","embeddable":true,"href":"https:\/\/blog.polityka.pl\/adamczewski\/wp-json\/wp\/v2\/categories?post=15752"},{"taxonomy":"post_tag","embeddable":true,"href":"https:\/\/blog.polityka.pl\/adamczewski\/wp-json\/wp\/v2\/tags?post=15752"}],"curies":[{"name":"wp","href":"https:\/\/api.w.org\/{rel}","templated":true}]}}