
{"id":15756,"date":"2015-11-24T08:12:07","date_gmt":"2015-11-24T07:12:07","guid":{"rendered":"http:\/\/adamczewski.blog.polityka.pl\/?p=15756"},"modified":"2015-11-24T08:11:46","modified_gmt":"2015-11-24T07:11:46","slug":"nas-sie-zima-nie-ima","status":"publish","type":"post","link":"https:\/\/blog.polityka.pl\/adamczewski\/2015\/11\/24\/nas-sie-zima-nie-ima\/","title":{"rendered":"Nas si\u0119 zima nie ima"},"content":{"rendered":"<p>Pisa\u0142em ju\u017c o tym, \u017ce niedziel\u0119 sp\u0119dzi\u0142em na wsi. Inne wa\u017cniejsze, cho\u0107 niezwykle smutne wydarzenia zmusi\u0142y mnie do rezygnacji z wiejskich opowie\u015bci. Dzi\u015b jednak chc\u0119 do nich wr\u00f3ci\u0107.<br \/>\n<!--more--><br \/>\nPojecha\u0142em na wie\u015b w celu wy\u0142\u0105czenia wodoci\u0105gu. Strasz\u0105 nas bowiem prognozy pogody zapowiadaj\u0105ce \u015bniegi i mrozy. Tymczasem dzie\u0144 by\u0142 s\u0142oneczny, cho\u0107 ch\u0142odny. Mijali\u015bmy te\u017c po drodze samochody zaparkowane na skraju las\u00f3w ci\u0105gn\u0105cych si\u0119 od Narwi przez ca\u0142\u0105 nasz\u0105 gmin\u0119. Wzbudzi\u0142o to podejrzenie, \u017ce grzyby nie wystraszy\u0142y si\u0119 prognoz i zacz\u0119\u0142y wy\u0142azi\u0107 ze \u015bci\u00f3\u0142ki.<a href=\"\/wp-content\/uploads\/2009\/09\/borowik-4p91300332.jpg\"><img loading=\"lazy\" decoding=\"async\" class=\"aligncenter size-full wp-image-1226\" src=\"\/wp-content\/uploads\/2009\/09\/borowik-4p91300332.jpg\" alt=\"borowik-4p91300332\" width=\"640\" height=\"480\" srcset=\"\/adamczewski\/wp-content\/uploads\/2009\/09\/borowik-4p91300332.jpg 640w, \/adamczewski\/wp-content\/uploads\/2009\/09\/borowik-4p91300332-300x225.jpg 300w\" sizes=\"(max-width: 640px) 100vw, 640px\" \/><\/a>I to by\u0142a szczera prawda. W naszym lesie by\u0142 wprawdzie tylko jeden, ale bardzo dorodny prawdziwek, kilkana\u015bcie g\u0105sek, zwanych na Kurpiach pro\u015bniankami, i zatrz\u0119sienie podgrzybk\u00f3w.<\/p>\n<p>Ta niespodzianka wynagrodzi\u0142a nam wszystko. Wprawdzie nie b\u0119dziemy w tym roku uprawia\u0107 grzybowego rozdawnictwa, ale zdo\u0142amy do Bo\u017cego Narodzenia ususzy\u0107 tak\u0105 porcj\u0119 w\u0142asnych grzyb\u00f3w, by nie trzeba by\u0142o robi\u0107 zakup\u00f3w do gotowania zupy grzybowej i kulebiaka, bez kt\u00f3rych nie wyobra\u017camy sobie \u015bwi\u0105t.<\/p>\n<p>Okazuje si\u0119, \u017ce nas si\u0119 zima nie ima.<\/p>\n","protected":false},"excerpt":{"rendered":"<p>Pisa\u0142em ju\u017c o tym, \u017ce niedziel\u0119 sp\u0119dzi\u0142em na wsi. Inne wa\u017cniejsze, cho\u0107 niezwykle smutne wydarzenia zmusi\u0142y mnie do rezygnacji z wiejskich opowie\u015bci. Dzi\u015b jednak chc\u0119 do nich wr\u00f3ci\u0107.<\/p>\n","protected":false},"author":2,"featured_media":0,"comment_status":"open","ping_status":"closed","sticky":false,"template":"","format":"standard","meta":{"footnotes":""},"categories":[1],"tags":[],"_links":{"self":[{"href":"https:\/\/blog.polityka.pl\/adamczewski\/wp-json\/wp\/v2\/posts\/15756"}],"collection":[{"href":"https:\/\/blog.polityka.pl\/adamczewski\/wp-json\/wp\/v2\/posts"}],"about":[{"href":"https:\/\/blog.polityka.pl\/adamczewski\/wp-json\/wp\/v2\/types\/post"}],"author":[{"embeddable":true,"href":"https:\/\/blog.polityka.pl\/adamczewski\/wp-json\/wp\/v2\/users\/2"}],"replies":[{"embeddable":true,"href":"https:\/\/blog.polityka.pl\/adamczewski\/wp-json\/wp\/v2\/comments?post=15756"}],"version-history":[{"count":4,"href":"https:\/\/blog.polityka.pl\/adamczewski\/wp-json\/wp\/v2\/posts\/15756\/revisions"}],"predecessor-version":[{"id":15761,"href":"https:\/\/blog.polityka.pl\/adamczewski\/wp-json\/wp\/v2\/posts\/15756\/revisions\/15761"}],"wp:attachment":[{"href":"https:\/\/blog.polityka.pl\/adamczewski\/wp-json\/wp\/v2\/media?parent=15756"}],"wp:term":[{"taxonomy":"category","embeddable":true,"href":"https:\/\/blog.polityka.pl\/adamczewski\/wp-json\/wp\/v2\/categories?post=15756"},{"taxonomy":"post_tag","embeddable":true,"href":"https:\/\/blog.polityka.pl\/adamczewski\/wp-json\/wp\/v2\/tags?post=15756"}],"curies":[{"name":"wp","href":"https:\/\/api.w.org\/{rel}","templated":true}]}}