
{"id":15762,"date":"2015-11-25T07:00:45","date_gmt":"2015-11-25T06:00:45","guid":{"rendered":"http:\/\/adamczewski.blog.polityka.pl\/?p=15762"},"modified":"2015-11-24T21:13:29","modified_gmt":"2015-11-24T20:13:29","slug":"randka-w-ciemno","status":"publish","type":"post","link":"https:\/\/blog.polityka.pl\/adamczewski\/2015\/11\/25\/randka-w-ciemno\/","title":{"rendered":"Randka w ciemno"},"content":{"rendered":"<p>Jestem dzi\u015b wyj\u0105tkowo o\u017cywiony. Id\u0119 na randk\u0119 z pi\u0119kna kobiet\u0105. Tym bardziej si\u0119 ciesz\u0119, bo to moja c\u00f3rka.<br \/>\n<!--more--><br \/>\nBasia wyje\u017cd\u017ca na wie\u015b na smutn\u0105 uroczysto\u015b\u0107 \u2013 pogrzeb naszej najbli\u017cszej s\u0105siadki, kt\u00f3ra prze\u017cy\u0142a 95 lat i cicho zgas\u0142a. Wszyscy j\u0105 b\u0119dziemy dobrze wspomina\u0107, bo by\u0142a to dobra s\u0105siadka. My za\u015b osiedli\u015bmy czterdzie\u015bci lat temu na ziemi kupionej od jej m\u0119\u017ca. Nigdy przez te lata nie by\u0142o mi\u0119dzy nami sporu.<\/p>\n<p>Sprawy medyczne nie pozwoli\u0142y mi pojecha\u0107 wraz z Basi\u0105. Wykorzystam wi\u0119c ten czas na spotkanie z c\u00f3rk\u0105, kt\u00f3ra pomo\u017ce mi w decyzji kupna perfum (pisa\u0142em o tym dwa dni temu), a przy okazji zjemy razem drobn\u0105 przek\u0105sk\u0119.<\/p>\n<p>Korzystaj\u0105c z okazji, zaprosi\u0142em j\u0105 do moim zdaniem najlepszej w Warszawie chi\u0144skiej restauracji. Ju\u017c j\u0105 chyba tu poleca\u0142em. To China Town przy al. Lotnik\u00f3w. Lokal, kt\u00f3ry przetrwa\u0142 na sto\u0142ecznym rynku kilkana\u015bcie (a mo\u017ce nawet dwadzie\u015bcia) lat, wys\u0105czkowa\u0142o z niego kilka filii, a g\u0142\u00f3wna siedziba znacznie si\u0119 rozros\u0142a. Zawsze te\u017c ma klient\u00f3w, w\u015br\u00f3d kt\u00f3rych przewa\u017caj\u0105 Chi\u0144czycy, co dobrze \u015bwiadczy o prawdziwo\u015bci tutejszej kuchni.<\/p>\n<p>Przejrza\u0142em w internecie bie\u017c\u0105ce menu i ucieszy\u0142em si\u0119, \u017ce moje ulubione dania nadal s\u0105 w karcie. A s\u0105 dwa rodzaje jelit wieprzowych: na chrupko z porem i grube z zio\u0142ami oraz meduza. Moja partnerka zapewne nie podziela mojego gustu, ale spo\u015br\u00f3d setki innych da\u0144 znajdzie te\u017c co\u015b dla siebie.<\/p>\n<p>Ju\u017c si\u0119 ciesz\u0119 z tej randki, bo to i towarzystwo \u015bwietne, i kuchnia wspania\u0142a, i czas na spokojn\u0105 ciekaw\u0105 &#8211; jak s\u0105dz\u0119 &#8211; rozmow\u0119.<\/p>\n<p>PS Pogrzeb Nisi odb\u0119dzie si\u0119 w sobot\u0119, na Cmentarzu Centralnym w Szczecinie. O godzinie 12:00 po\u017cegnanie w kaplicy, o 12:30 ceremonia pogrzebowa.<\/p>\n","protected":false},"excerpt":{"rendered":"<p>Jestem dzi\u015b wyj\u0105tkowo o\u017cywiony. Id\u0119 na randk\u0119 z pi\u0119kna kobiet\u0105. Tym bardziej si\u0119 ciesz\u0119, bo to moja c\u00f3rka.<\/p>\n","protected":false},"author":2,"featured_media":0,"comment_status":"open","ping_status":"closed","sticky":false,"template":"","format":"standard","meta":{"footnotes":""},"categories":[1],"tags":[],"_links":{"self":[{"href":"https:\/\/blog.polityka.pl\/adamczewski\/wp-json\/wp\/v2\/posts\/15762"}],"collection":[{"href":"https:\/\/blog.polityka.pl\/adamczewski\/wp-json\/wp\/v2\/posts"}],"about":[{"href":"https:\/\/blog.polityka.pl\/adamczewski\/wp-json\/wp\/v2\/types\/post"}],"author":[{"embeddable":true,"href":"https:\/\/blog.polityka.pl\/adamczewski\/wp-json\/wp\/v2\/users\/2"}],"replies":[{"embeddable":true,"href":"https:\/\/blog.polityka.pl\/adamczewski\/wp-json\/wp\/v2\/comments?post=15762"}],"version-history":[{"count":4,"href":"https:\/\/blog.polityka.pl\/adamczewski\/wp-json\/wp\/v2\/posts\/15762\/revisions"}],"predecessor-version":[{"id":15766,"href":"https:\/\/blog.polityka.pl\/adamczewski\/wp-json\/wp\/v2\/posts\/15762\/revisions\/15766"}],"wp:attachment":[{"href":"https:\/\/blog.polityka.pl\/adamczewski\/wp-json\/wp\/v2\/media?parent=15762"}],"wp:term":[{"taxonomy":"category","embeddable":true,"href":"https:\/\/blog.polityka.pl\/adamczewski\/wp-json\/wp\/v2\/categories?post=15762"},{"taxonomy":"post_tag","embeddable":true,"href":"https:\/\/blog.polityka.pl\/adamczewski\/wp-json\/wp\/v2\/tags?post=15762"}],"curies":[{"name":"wp","href":"https:\/\/api.w.org\/{rel}","templated":true}]}}