
{"id":15774,"date":"2015-11-30T09:15:06","date_gmt":"2015-11-30T08:15:06","guid":{"rendered":"http:\/\/adamczewski.blog.polityka.pl\/?p=15774"},"modified":"2015-11-30T09:08:08","modified_gmt":"2015-11-30T08:08:08","slug":"sniadanie-ze-sztuka","status":"publish","type":"post","link":"https:\/\/blog.polityka.pl\/adamczewski\/2015\/11\/30\/sniadanie-ze-sztuka\/","title":{"rendered":"\u015aniadanie ze sztuk\u0105"},"content":{"rendered":"<p>Nie pami\u0119tam, czy zach\u0119ca\u0142em was kiedykolwiek do sp\u0119dzania niedzielnego poranka z gaw\u0119dami dr Bo\u017ceny Fabiani o starej w\u0142oskiej sztuce. Ja za\u015b od paru lat s\u0142ucham przy \u015bniadaniu w radiowej Dw\u00f3jce opowie\u015bci o malarstwie i rze\u017abie najwybitniejszych (najcz\u0119\u015bciej renesansowych) artyst\u00f3w, kt\u00f3rych prace zdobi\u0105 \u015bciany Muzeum Uffizi, ale tak\u017ce innych najg\u0142o\u015bniejszych muze\u00f3w, katedr, pa\u0142ac\u00f3w.<br \/>\n<!--more--><br \/>\nS\u0142ucham i ogl\u0105dam, bo mam w\u0142\u0105czony komputer, na kt\u00f3rym mo\u017cna zobaczy\u0107 omawiane przez autork\u0119 gaw\u0119dy prace.<\/p>\n<p>Bardzo cz\u0119sto s\u0105 to prace ca\u0142kiem mi nieznane, mimo \u017ce zar\u00f3wno florenckie Uffizi, jak i wi\u0119kszo\u015b\u0107 europejskich wybitnych muze\u00f3w zwiedza\u0142em. Nie wszystko jednak da si\u0119 zapami\u0119ta\u0107, a niekt\u00f3re warte obejrzenia dzie\u0142a pomija si\u0119 w nat\u0142oku wisz\u0105cych obok fascynuj\u0105cych dzie\u0142.<\/p>\n<p>Tak by\u0142o dzisiaj. Gaw\u0119da \u201eW stron\u0119 sztuki\u201d dr Bo\u017ceny Fabiani o w\u0142oskim malarzu i rytowniku manierystycznym Girolamie Francesco Marii Mazzoli (1503-1540) zaskoczy\u0142a mnie ca\u0142kowicie.<\/p>\n<p>Jego przydomek artystyczny &#8211; Parmigianino &#8211; pochodzi od miejsca urodzenia (Parma). Charakterystyczne dla jego malarstwa wyd\u0142u\u017cenie postaci, wyszukany wdzi\u0119k i odrzucenie postulat\u00f3w realizmu sta\u0142y si\u0119 cechami typowymi dla wielu malarzy doby manieryzmu.<\/p>\n<p>Gaw\u0119da trwa\u0142a zaledwie kwadrans, a ja jeszcze kontempluj\u0119 dzie\u0142a Parmigianino. Tak zacz\u0119ty niedzielny poranek zapowiada weso\u0142y (bo tak\u017ce s\u0142oneczny) dzie\u0144, a mo\u017ce i sympatyczny tydzie\u0144.<\/p>\n","protected":false},"excerpt":{"rendered":"<p>Nie pami\u0119tam, czy zach\u0119ca\u0142em was kiedykolwiek do sp\u0119dzania niedzielnego poranka z gaw\u0119dami dr Bo\u017ceny Fabiani o starej w\u0142oskiej sztuce. Ja za\u015b od paru lat s\u0142ucham przy \u015bniadaniu w radiowej Dw\u00f3jce opowie\u015bci o malarstwie i rze\u017abie najwybitniejszych (najcz\u0119\u015bciej renesansowych) artyst\u00f3w, kt\u00f3rych prace zdobi\u0105 \u015bciany Muzeum Uffizi, ale tak\u017ce innych najg\u0142o\u015bniejszych muze\u00f3w, katedr, pa\u0142ac\u00f3w.<\/p>\n","protected":false},"author":2,"featured_media":0,"comment_status":"open","ping_status":"closed","sticky":false,"template":"","format":"standard","meta":{"footnotes":""},"categories":[1],"tags":[],"_links":{"self":[{"href":"https:\/\/blog.polityka.pl\/adamczewski\/wp-json\/wp\/v2\/posts\/15774"}],"collection":[{"href":"https:\/\/blog.polityka.pl\/adamczewski\/wp-json\/wp\/v2\/posts"}],"about":[{"href":"https:\/\/blog.polityka.pl\/adamczewski\/wp-json\/wp\/v2\/types\/post"}],"author":[{"embeddable":true,"href":"https:\/\/blog.polityka.pl\/adamczewski\/wp-json\/wp\/v2\/users\/2"}],"replies":[{"embeddable":true,"href":"https:\/\/blog.polityka.pl\/adamczewski\/wp-json\/wp\/v2\/comments?post=15774"}],"version-history":[{"count":4,"href":"https:\/\/blog.polityka.pl\/adamczewski\/wp-json\/wp\/v2\/posts\/15774\/revisions"}],"predecessor-version":[{"id":15778,"href":"https:\/\/blog.polityka.pl\/adamczewski\/wp-json\/wp\/v2\/posts\/15774\/revisions\/15778"}],"wp:attachment":[{"href":"https:\/\/blog.polityka.pl\/adamczewski\/wp-json\/wp\/v2\/media?parent=15774"}],"wp:term":[{"taxonomy":"category","embeddable":true,"href":"https:\/\/blog.polityka.pl\/adamczewski\/wp-json\/wp\/v2\/categories?post=15774"},{"taxonomy":"post_tag","embeddable":true,"href":"https:\/\/blog.polityka.pl\/adamczewski\/wp-json\/wp\/v2\/tags?post=15774"}],"curies":[{"name":"wp","href":"https:\/\/api.w.org\/{rel}","templated":true}]}}