
{"id":15810,"date":"2015-12-07T07:00:44","date_gmt":"2015-12-07T06:00:44","guid":{"rendered":"http:\/\/adamczewski.blog.polityka.pl\/?p=15810"},"modified":"2015-12-08T15:39:19","modified_gmt":"2015-12-08T14:39:19","slug":"znowu-byla-piekna-niedziela","status":"publish","type":"post","link":"https:\/\/blog.polityka.pl\/adamczewski\/2015\/12\/07\/znowu-byla-piekna-niedziela\/","title":{"rendered":"Znowu by\u0142a pi\u0119kna niedziela"},"content":{"rendered":"<p>Nie pami\u0119tam, kt\u00f3ra to ju\u017c pi\u0119kna niedziela. Uda\u0142 si\u0119 s\u0142oneczny spacer. Mn\u00f3stwo ciekawej lektury (m.in. wywiad z Henryk\u0105 Krzywonos i Janem Klat\u0105) i trudna decyzja, od kt\u00f3rej z dwu nowych ksi\u0105\u017cek zacz\u0105\u0107.<br \/>\n<!--more--><br \/>\nDosta\u0142em bowiem now\u0105 biografi\u0119 pi\u00f3ra wspania\u0142ego Mariusza Urbanka, kt\u00f3ry tym razem zaj\u0105\u0142 si\u0119 \u017cyciorysem Boles\u0142awa Wieniawy-D\u0142ugoszowskiego i \u201eAneks\u201d pi\u00f3ra Teresy Tora\u0144skiej, czyli drug\u0105 cz\u0119\u015bci\u0105 s\u0142ynnych \u201eOnych\u201d \u2013 wywiad\u00f3w dzia\u0142aczy komunistycznych, kt\u00f3rzy wyspowiadali si\u0119 m\u0142odej dziennikarce ze swojej drogi \u017cyciowej.<\/p>\n<p>Autor\u00f3w znam doskonale (mimo \u017ce Teresa nie \u017cyje, nadal nie potrafi\u0119 m\u00f3wi\u0107 o niej w czasie przesz\u0142ym), ba, przyja\u017ani\u0119 si\u0119 i pracowa\u0142em z obojgiem przez d\u0142ugie lata. Z ni\u0105 w tygodniku \u201eKultura\u201d, z nim w POLITYCE. Oboje to niezwykle utalentowani ludzie. Warto kupowa\u0107 i czyta\u0107 ich dzie\u0142a.<\/p>\n<p>Z tego wst\u0119pu wynika, \u017ce wkr\u00f3tce na blogu uka\u017c\u0105 si\u0119 moje uwagi na temat obu ksi\u0105\u017cek.<\/p>\n<p>Przegl\u0105daj\u0105c komentarze blogowe, z wielk\u0105 zazdro\u015bci\u0105 obejrza\u0142em zdj\u0119cia znad Buga zamieszczone przez moj\u0105 niedalek\u0105 s\u0105siadk\u0119 \u2013 Danu\u015bk\u0119. A \u017ce jutro musz\u0119 w wa\u017cnej sprawie pojecha\u0107 do Otwocka, to postanowi\u0142em potem \u201ezab\u0142\u0105dzi\u0107\u201d do Puszczy Bia\u0142ej. Mo\u017ce i mnie si\u0119 poszcz\u0119\u015bci i spotkam zaprzyja\u017anione \u0142osie. Nawet je\u015bli do spotkania nie dojdzie, to cho\u0107 przywioz\u0119 koszyk \u015bwie\u017cych jajek na \u015bwi\u0105teczne wypieki. A to ju\u017c pora.<\/p>\n","protected":false},"excerpt":{"rendered":"<p>Nie pami\u0119tam, kt\u00f3ra to ju\u017c pi\u0119kna niedziela. Uda\u0142 si\u0119 s\u0142oneczny spacer. Mn\u00f3stwo ciekawej lektury (m.in. wywiad z Henryk\u0105 Krzywonos i Janem Klat\u0105) i trudna decyzja, od kt\u00f3rej z dwu nowych ksi\u0105\u017cek zacz\u0105\u0107.<\/p>\n","protected":false},"author":2,"featured_media":0,"comment_status":"open","ping_status":"closed","sticky":false,"template":"","format":"standard","meta":{"footnotes":""},"categories":[1],"tags":[],"_links":{"self":[{"href":"https:\/\/blog.polityka.pl\/adamczewski\/wp-json\/wp\/v2\/posts\/15810"}],"collection":[{"href":"https:\/\/blog.polityka.pl\/adamczewski\/wp-json\/wp\/v2\/posts"}],"about":[{"href":"https:\/\/blog.polityka.pl\/adamczewski\/wp-json\/wp\/v2\/types\/post"}],"author":[{"embeddable":true,"href":"https:\/\/blog.polityka.pl\/adamczewski\/wp-json\/wp\/v2\/users\/2"}],"replies":[{"embeddable":true,"href":"https:\/\/blog.polityka.pl\/adamczewski\/wp-json\/wp\/v2\/comments?post=15810"}],"version-history":[{"count":3,"href":"https:\/\/blog.polityka.pl\/adamczewski\/wp-json\/wp\/v2\/posts\/15810\/revisions"}],"predecessor-version":[{"id":15828,"href":"https:\/\/blog.polityka.pl\/adamczewski\/wp-json\/wp\/v2\/posts\/15810\/revisions\/15828"}],"wp:attachment":[{"href":"https:\/\/blog.polityka.pl\/adamczewski\/wp-json\/wp\/v2\/media?parent=15810"}],"wp:term":[{"taxonomy":"category","embeddable":true,"href":"https:\/\/blog.polityka.pl\/adamczewski\/wp-json\/wp\/v2\/categories?post=15810"},{"taxonomy":"post_tag","embeddable":true,"href":"https:\/\/blog.polityka.pl\/adamczewski\/wp-json\/wp\/v2\/tags?post=15810"}],"curies":[{"name":"wp","href":"https:\/\/api.w.org\/{rel}","templated":true}]}}