
{"id":15818,"date":"2015-12-09T07:00:17","date_gmt":"2015-12-09T06:00:17","guid":{"rendered":"http:\/\/adamczewski.blog.polityka.pl\/?p=15818"},"modified":"2015-12-09T08:13:58","modified_gmt":"2015-12-09T07:13:58","slug":"apetyt-na-historie","status":"publish","type":"post","link":"https:\/\/blog.polityka.pl\/adamczewski\/2015\/12\/09\/apetyt-na-historie\/","title":{"rendered":"Apetyt na histori\u0119"},"content":{"rendered":"<p>Dzi\u015b danie \u2013 zw\u0142aszcza jak na blog smakoszy \u2013 kompletnie nietypowe. Nie b\u0119dzie bowiem ani s\u0142owa o \u017cadnym smako\u0142yku. Do lektury wi\u0119c najlepiej zabra\u0107 si\u0119 po \u015bniadaniu albo kolacji. Mo\u017cna natomiast mie\u0107 spory apetyt na histori\u0119. Histori\u0119 Polski wsp\u00f3\u0142czesnej.<br \/>\n<!--more--><br \/>\nAutorka \u2013 Teresa Tora\u0144ska &#8211; przez ca\u0142e swoje dziennikarskie \u017cycie usi\u0142owa\u0142a znale\u017a\u0107 odpowied\u017a na pytanie, czym jest komunizm. Najbardziej \u2013 co oczywiste \u2013 interesowa\u0142a j\u0105 polska wersja tej idei i ludzie, kt\u00f3rzy j\u0105 usi\u0142owali na naszych ziemiach wprowadzi\u0107.Przez d\u0142ugie lata pracowa\u0142em z Teres\u0105 w jednej redakcji, tzw. warszawskiej \u201eKulturze\u201d, i zdarza\u0142o si\u0119, \u017ce stara\u0142em si\u0119 u\u0142atwi\u0107 jej kontakty z by\u0142ymi dzia\u0142aczami partyjnymi, poniewa\u017c z niekt\u00f3rymi z nich s\u0105siadowa\u0142em na wsi, a z jednym \u2013 Jerzym Morawskim \u2013 blisko si\u0119 zaprzyja\u017ani\u0142em.<\/p>\n<p><a href=\"\/wp-content\/uploads\/2015\/12\/Tora\u0144ska.jpg\"><img loading=\"lazy\" decoding=\"async\" class=\"aligncenter size-medium wp-image-15814\" src=\"\/wp-content\/uploads\/2015\/12\/Tora\u0144ska-206x300.jpg\" alt=\"Tora\u0144ska\" width=\"206\" height=\"300\" srcset=\"\/adamczewski\/wp-content\/uploads\/2015\/12\/Tora\u0144ska-206x300.jpg 206w, \/adamczewski\/wp-content\/uploads\/2015\/12\/Tora\u0144ska-704x1024.jpg 704w, \/adamczewski\/wp-content\/uploads\/2015\/12\/Tora\u0144ska.jpg 825w\" sizes=\"(max-width: 206px) 100vw, 206px\" \/><\/a><\/p>\n<p>Ludzie ci za\u015b cz\u0119sto bywali nieufni i nie chcieli zbyt otwarcie rozmawia\u0107 z dziennikarzami. Poleca\u0142em wi\u0119c Tora\u0144sk\u0105 jako wy\u015bmienit\u0105 dziennikark\u0119 i przyzwoitego cz\u0142owieka. Po pierwszym spotkaniu z ka\u017cdym z rozm\u00f3wc\u00f3w dalej Teresa dawa\u0142a sobie wy\u015bmienicie rad\u0119. Potrafi\u0142a otworzy\u0107 najbardziej nawet zamkni\u0119tych w sobie rozm\u00f3wc\u00f3w i wydoby\u0107 z nich, jak dosz\u0142o do tego, \u017ce uwierzyli i cz\u0119sto d\u0142ugo starali si\u0119 krzewi\u0107 w Polsce ide\u0119, kt\u00f3ra w ko\u0144cu ich rozczarowa\u0142a i zniech\u0119ci\u0142a.<\/p>\n<p>W czasie stanu wojennego w tzw. drugim obiegu wyda\u0142a Tora\u0144ska pierwsze siedem rozm\u00f3w pod tytu\u0142em \u201eOni\u201d. Kolejne sze\u015b\u0107 to w\u0142a\u015bnie prezentowany tom \u2013 \u201eAneks\u201d. Nie zobaczy\u0142a go ju\u017c ani autorka, ani np. m\u00f3j przyjaciel Jerzy Morawski, na kt\u00f3rego pogrzebie wyg\u0142asza\u0142em mow\u0119 po\u017cegnaln\u0105, w kt\u00f3rej stara\u0142em si\u0119 odda\u0107 jego charakter, czyli zamiast z powa\u017cn\u0105 min\u0105 sm\u0119ci\u0107 o jego zas\u0142ugach opowiada\u0142em zabawne anegdoty z jego bogatego \u017cyciorysu.<\/p>\n<p>Teresa Tora\u0144ska tak\u017ce potrafi\u0142a z najbardziej nawet sierioznego rozm\u00f3wcy wydoby\u0107 \u015bmieszne strony, kt\u00f3re przecie\u017c mo\u017cna znale\u017a\u0107 w ka\u017cdej biografii. Co nie powodowa\u0142o, \u017ce ksi\u0105\u017cka sta\u0142a si\u0119 zbiorem \u017cart\u00f3w czy kpin z tak powa\u017cnego tematu. I cho\u0107 po lekturze ksi\u0105\u017cki \u2013 przynajmniej ja \u2013 nie potrafi\u0119 odpowiedzie\u0107 na pytanie, czym jest komunizm, to przynajmniej lepiej rozumiem, dlaczego zafascynowa\u0142 on ludzi m\u0105drych i \u2013 jak wynika z wywiad\u00f3w \u2013 uczciwych.<\/p>\n<p>Tom \u201eAneks\u201d poprzedza wst\u0119p profesora Andrzeja Friszkego, kt\u00f3ry bada\u0142 ten sam okres historii Polski i zna\u0142 \u2013 pracuj\u0105c z ni\u0105 w \u201eTygodniku Solidarno\u015b\u0107&#8221; \u2013 Teres\u0119 Tora\u0144sk\u0105.<\/p>\n","protected":false},"excerpt":{"rendered":"<p>Dzi\u015b danie \u2013 zw\u0142aszcza jak na blog smakoszy \u2013 kompletnie nietypowe. Nie b\u0119dzie bowiem ani s\u0142owa o \u017cadnym smako\u0142yku. Do lektury wi\u0119c najlepiej zabra\u0107 si\u0119 po \u015bniadaniu albo kolacji. Mo\u017cna natomiast mie\u0107 spory apetyt na histori\u0119. Histori\u0119 Polski wsp\u00f3\u0142czesnej.<\/p>\n","protected":false},"author":2,"featured_media":0,"comment_status":"open","ping_status":"closed","sticky":false,"template":"","format":"standard","meta":{"footnotes":""},"categories":[1],"tags":[],"_links":{"self":[{"href":"https:\/\/blog.polityka.pl\/adamczewski\/wp-json\/wp\/v2\/posts\/15818"}],"collection":[{"href":"https:\/\/blog.polityka.pl\/adamczewski\/wp-json\/wp\/v2\/posts"}],"about":[{"href":"https:\/\/blog.polityka.pl\/adamczewski\/wp-json\/wp\/v2\/types\/post"}],"author":[{"embeddable":true,"href":"https:\/\/blog.polityka.pl\/adamczewski\/wp-json\/wp\/v2\/users\/2"}],"replies":[{"embeddable":true,"href":"https:\/\/blog.polityka.pl\/adamczewski\/wp-json\/wp\/v2\/comments?post=15818"}],"version-history":[{"count":4,"href":"https:\/\/blog.polityka.pl\/adamczewski\/wp-json\/wp\/v2\/posts\/15818\/revisions"}],"predecessor-version":[{"id":15829,"href":"https:\/\/blog.polityka.pl\/adamczewski\/wp-json\/wp\/v2\/posts\/15818\/revisions\/15829"}],"wp:attachment":[{"href":"https:\/\/blog.polityka.pl\/adamczewski\/wp-json\/wp\/v2\/media?parent=15818"}],"wp:term":[{"taxonomy":"category","embeddable":true,"href":"https:\/\/blog.polityka.pl\/adamczewski\/wp-json\/wp\/v2\/categories?post=15818"},{"taxonomy":"post_tag","embeddable":true,"href":"https:\/\/blog.polityka.pl\/adamczewski\/wp-json\/wp\/v2\/tags?post=15818"}],"curies":[{"name":"wp","href":"https:\/\/api.w.org\/{rel}","templated":true}]}}