
{"id":15830,"date":"2015-12-10T07:00:42","date_gmt":"2015-12-10T06:00:42","guid":{"rendered":"http:\/\/adamczewski.blog.polityka.pl\/?p=15830"},"modified":"2015-12-09T21:17:32","modified_gmt":"2015-12-09T20:17:32","slug":"atmosfera-to-rzecz-wazna","status":"publish","type":"post","link":"https:\/\/blog.polityka.pl\/adamczewski\/2015\/12\/10\/atmosfera-to-rzecz-wazna\/","title":{"rendered":"Atmosfera to rzecz wa\u017cna"},"content":{"rendered":"<p>Pisa\u0142em ju\u017c, i to nawet parokrotnie, \u017ce przygotowania do \u015bwi\u0105t, a nawet do Sylwestra powinno si\u0119 rozpocz\u0105\u0107 wiele dni wcze\u015bniej.<br \/>\n<!--more--><br \/>\nNo wi\u0119c robimy wszystko, co nale\u017cy, ale jako\u015b tak bez przekonania. Cho\u0107 z drugiej strony nie chcemy dopu\u015bci\u0107 do zw\u0142oki, kt\u00f3ra doprowadzi\u0142aby do biegania po bazarach i sklepach w nadmiernym po\u015bpiechu i zdenerwowaniu.<\/p>\n<p>S\u0105 wi\u0119c ju\u017c mak i pszenica, grzyby s\u0105 od dawna, doskona\u0142\u0105 m\u0105k\u0119 z Repek z m\u0142yna braci G\u00f3rskich te\u017c mamy, bo mo\u017cna j\u0105 kupi\u0107 i w Warszawie, np. na bazarze przy Olkuskiej. Ostatnio kupili\u015bmy zamro\u017conego i tkwi\u0105cego w przezroczystym prostok\u0105cie lodowym homara, kt\u00f3ry wyl\u0105duje na stole w ostatni\u0105 noc roku. Wkr\u00f3tce kupimy ma\u0142\u0105, \u017cyw\u0105 choink\u0119, kt\u00f3ra w marcu powi\u0119kszy nasz las na wsi, bo co rok przenosimy tam kolejne bo\u017conarodzeniowe drzewko.<\/p>\n<div id=\"attachment_15832\" style=\"width: 630px\" class=\"wp-caption aligncenter\"><a href=\"\/wp-content\/uploads\/2015\/12\/\u0141\u0119cino-2013-wiosna.jpg\"><img loading=\"lazy\" decoding=\"async\" aria-describedby=\"caption-attachment-15832\" src=\"\/wp-content\/uploads\/2015\/12\/\u0141\u0119cino-2013-wiosna-768x1024.jpg\" alt=\"Choinka z Bo\u017cego Narodzenia 2014 ju\u017c ro\u015bnie. Fot. P. Adamczewski\" width=\"620\" height=\"827\" class=\"size-large wp-image-15832\" srcset=\"\/adamczewski\/wp-content\/uploads\/2015\/12\/\u0141\u0119cino-2013-wiosna-768x1024.jpg 768w, \/adamczewski\/wp-content\/uploads\/2015\/12\/\u0141\u0119cino-2013-wiosna-225x300.jpg 225w\" sizes=\"(max-width: 620px) 100vw, 620px\" \/><\/a><p id=\"caption-attachment-15832\" class=\"wp-caption-text\">Choinka z Bo\u017cego Narodzenia 2014 ju\u017c ro\u015bnie. Fot. P. Adamczewski<\/p><\/div>\n<p>Niby wszystko jak trzeba i o niczym nie zapominamy. Unikamy te\u017c nadmiernego t\u0142oku, cho\u0107 t\u0142um kupuj\u0105cych z ka\u017cdym dniem g\u0119stnieje. A jednak co\u015b jest nie tak. To brak \u015bwi\u0105tecznej atmosfery, do kt\u00f3rej trzeba cho\u0107 kilka stopni mrozu i cienkiej warstwy \u015bniegu na trawnikach. <\/p>\n<p>A tu jesienna plucha. Boj\u0119 si\u0119, \u017ce gdy wreszcie \u015bnieg spadnie i mrozek chwyci, to ruszymy ponownie w w\u0119dr\u00f3wk\u0119 po sklepach i ponownie zaczniemy kupowa\u0107 to, co ju\u017c le\u017cy w spi\u017carni i na balkonie.<\/p>\n<p>\u015awi\u0105teczna atmosfera to towar nie do kupienia. Trzeba j\u0105 dosta\u0107 prosto z worka \u015bw. Miko\u0142aja.<\/p>\n","protected":false},"excerpt":{"rendered":"<p>Pisa\u0142em ju\u017c, i to nawet parokrotnie, \u017ce przygotowania do \u015bwi\u0105t, a nawet do Sylwestra powinno si\u0119 rozpocz\u0105\u0107 wiele dni wcze\u015bniej.<\/p>\n","protected":false},"author":2,"featured_media":0,"comment_status":"open","ping_status":"closed","sticky":false,"template":"","format":"standard","meta":{"footnotes":""},"categories":[1],"tags":[],"_links":{"self":[{"href":"https:\/\/blog.polityka.pl\/adamczewski\/wp-json\/wp\/v2\/posts\/15830"}],"collection":[{"href":"https:\/\/blog.polityka.pl\/adamczewski\/wp-json\/wp\/v2\/posts"}],"about":[{"href":"https:\/\/blog.polityka.pl\/adamczewski\/wp-json\/wp\/v2\/types\/post"}],"author":[{"embeddable":true,"href":"https:\/\/blog.polityka.pl\/adamczewski\/wp-json\/wp\/v2\/users\/2"}],"replies":[{"embeddable":true,"href":"https:\/\/blog.polityka.pl\/adamczewski\/wp-json\/wp\/v2\/comments?post=15830"}],"version-history":[{"count":4,"href":"https:\/\/blog.polityka.pl\/adamczewski\/wp-json\/wp\/v2\/posts\/15830\/revisions"}],"predecessor-version":[{"id":15833,"href":"https:\/\/blog.polityka.pl\/adamczewski\/wp-json\/wp\/v2\/posts\/15830\/revisions\/15833"}],"wp:attachment":[{"href":"https:\/\/blog.polityka.pl\/adamczewski\/wp-json\/wp\/v2\/media?parent=15830"}],"wp:term":[{"taxonomy":"category","embeddable":true,"href":"https:\/\/blog.polityka.pl\/adamczewski\/wp-json\/wp\/v2\/categories?post=15830"},{"taxonomy":"post_tag","embeddable":true,"href":"https:\/\/blog.polityka.pl\/adamczewski\/wp-json\/wp\/v2\/tags?post=15830"}],"curies":[{"name":"wp","href":"https:\/\/api.w.org\/{rel}","templated":true}]}}