
{"id":15836,"date":"2015-12-11T07:00:24","date_gmt":"2015-12-11T06:00:24","guid":{"rendered":"http:\/\/adamczewski.blog.polityka.pl\/?p=15836"},"modified":"2015-12-10T11:03:56","modified_gmt":"2015-12-10T10:03:56","slug":"tabuny-sw-mikolajow-klusuja-po-niebie","status":"publish","type":"post","link":"https:\/\/blog.polityka.pl\/adamczewski\/2015\/12\/11\/tabuny-sw-mikolajow-klusuja-po-niebie\/","title":{"rendered":"Tabuny \u015bw. Miko\u0142aj\u00f3w k\u0142usuj\u0105 po niebie"},"content":{"rendered":"<p>Na szcz\u0119\u015bcie \u2013 to zapewne dzi\u0119ki zdolno\u015bciom renifer\u00f3w \u2013 sanie licznych \u015bw. Miko\u0142aj\u00f3w zgrabnie i szybko poruszaj\u0105 si\u0119 nad powierzchni\u0105 ziemi, wi\u0119c brak \u015bniegu im nie przeszkadza. Ju\u017c zacz\u0119li rozwozi\u0107 upominki, by zd\u0105\u017cy\u0107 do wigilii wszystkim je dostarczy\u0107.<br \/>\n<!--more--><br \/>\nPoniewa\u017c parokrotnie by\u0142em w r\u00f3\u017cnych ksi\u0119garniach, zauwa\u017cy\u0142em, \u017ce ruch w nich jest wprost niezwyk\u0142y. W poprzednich latach zainteresowanie nowo\u015bciami ksi\u0105\u017ckowymi nie by\u0142o chyba a\u017c tak du\u017ce. Trzeba przyzna\u0107 jednak, \u017ce wydawcy te\u017c si\u0119 postarali, by tu\u017c przed Bo\u017cym Narodzeniem dostarczy\u0107 na rynek ciekawe i warto\u015bciowe dzie\u0142a.<\/p>\n<p>W naszym domu um\u00f3wili\u015bmy si\u0119, \u017ce nie b\u0119dziemy wydawali pieni\u0119dzy na \u017cadne tzw. durnostojki ani kosmetyki, kt\u00f3re mo\u017cna przecie\u017c kupi\u0107 przy innych okazjach, tylko w\u0142a\u015bnie na ksi\u0105\u017cki. Zw\u0142aszcza \u017ce nie s\u0105 to trudne zakupy, bo znamy swoje wzajemne zainteresowania i na og\u00f3\u0142 wiemy, co stoi w naszych biblioteczkach.<\/p>\n<p>Tu musz\u0119 si\u0119 przyzna\u0107, \u017ce cz\u0119sto kupuj\u0119 dzie\u0142a, kt\u00f3rych sam jeszcze nie czyta\u0142em, a bardzo bym chcia\u0142. Teraz b\u0119dzie to tym \u0142atwiejsze, \u017ce w rodzinie sobie nawzajem ch\u0119tnie po\u017cyczamy, bo \u0142atwo potem po\u017cyczony tom rewindykowa\u0107.<\/p>\n<p><a href=\"\/wp-content\/uploads\/2015\/12\/Lalka.jpg\"><img loading=\"lazy\" decoding=\"async\" class=\"aligncenter size-medium wp-image-15840\" src=\"\/wp-content\/uploads\/2015\/12\/Lalka-214x300.jpg\" alt=\"Lalka\" width=\"214\" height=\"300\" srcset=\"\/adamczewski\/wp-content\/uploads\/2015\/12\/Lalka-214x300.jpg 214w, \/adamczewski\/wp-content\/uploads\/2015\/12\/Lalka.jpg 357w\" sizes=\"(max-width: 214px) 100vw, 214px\" \/><\/a><\/p>\n<p>Na dodatek t\u0119sknot\u0119 za jak\u0105\u015b ksi\u0105\u017ck\u0105 \u0142atwo zaspokoi\u0107, ujawniaj\u0105c niby przypadkiem, \u017ce bardzo chcia\u0142oby si\u0119 j\u0105 mie\u0107. Wiadomo, \u017ce takie plotki szybko rozchodz\u0105 si\u0119 po rodzinie i trafi ona do miko\u0142ajowego worka. Ja np. mam tak\u0105 nadziej\u0119 na otrzymanie \u201eLalki\u201d Prusa, kt\u00f3ra przed laty wyparowa\u0142a z moich p\u00f3\u0142ek, a uwa\u017cam, \u017ce to najlepsza i niestarzej\u0105ca si\u0119 powie\u015b\u0107 zas\u0142uguj\u0105ca na Nobla (zamiast kiczowatego i nudnego romansid\u0142a Sienkiewicza \u201eQuo vadis\u201d).<\/p>\n<p>Chcia\u0142bym m\u00f3c si\u0119ga\u0107 po ni\u0105, by czyta\u0107 dla odpoczynku, zw\u0142aszcza w momentach zm\u0119czenia okropn\u0105 polszczyzn\u0105 wsp\u00f3\u0142czesnej literatury.<\/p>\n","protected":false},"excerpt":{"rendered":"<p>Na szcz\u0119\u015bcie \u2013 to zapewne dzi\u0119ki zdolno\u015bciom renifer\u00f3w \u2013 sanie licznych \u015bw. Miko\u0142aj\u00f3w zgrabnie i szybko poruszaj\u0105 si\u0119 nad powierzchni\u0105 ziemi, wi\u0119c brak \u015bniegu im nie przeszkadza. Ju\u017c zacz\u0119li rozwozi\u0107 upominki, by zd\u0105\u017cy\u0107 do wigilii wszystkim je dostarczy\u0107.<\/p>\n","protected":false},"author":2,"featured_media":0,"comment_status":"open","ping_status":"closed","sticky":false,"template":"","format":"standard","meta":{"footnotes":""},"categories":[1],"tags":[],"_links":{"self":[{"href":"https:\/\/blog.polityka.pl\/adamczewski\/wp-json\/wp\/v2\/posts\/15836"}],"collection":[{"href":"https:\/\/blog.polityka.pl\/adamczewski\/wp-json\/wp\/v2\/posts"}],"about":[{"href":"https:\/\/blog.polityka.pl\/adamczewski\/wp-json\/wp\/v2\/types\/post"}],"author":[{"embeddable":true,"href":"https:\/\/blog.polityka.pl\/adamczewski\/wp-json\/wp\/v2\/users\/2"}],"replies":[{"embeddable":true,"href":"https:\/\/blog.polityka.pl\/adamczewski\/wp-json\/wp\/v2\/comments?post=15836"}],"version-history":[{"count":4,"href":"https:\/\/blog.polityka.pl\/adamczewski\/wp-json\/wp\/v2\/posts\/15836\/revisions"}],"predecessor-version":[{"id":15841,"href":"https:\/\/blog.polityka.pl\/adamczewski\/wp-json\/wp\/v2\/posts\/15836\/revisions\/15841"}],"wp:attachment":[{"href":"https:\/\/blog.polityka.pl\/adamczewski\/wp-json\/wp\/v2\/media?parent=15836"}],"wp:term":[{"taxonomy":"category","embeddable":true,"href":"https:\/\/blog.polityka.pl\/adamczewski\/wp-json\/wp\/v2\/categories?post=15836"},{"taxonomy":"post_tag","embeddable":true,"href":"https:\/\/blog.polityka.pl\/adamczewski\/wp-json\/wp\/v2\/tags?post=15836"}],"curies":[{"name":"wp","href":"https:\/\/api.w.org\/{rel}","templated":true}]}}