
{"id":15843,"date":"2015-12-14T07:00:00","date_gmt":"2015-12-14T06:00:00","guid":{"rendered":"http:\/\/adamczewski.blog.polityka.pl\/?p=15843"},"modified":"2015-12-15T11:47:21","modified_gmt":"2015-12-15T10:47:21","slug":"piekny-weekend-choc-zimny-i-deszczowy","status":"publish","type":"post","link":"https:\/\/blog.polityka.pl\/adamczewski\/2015\/12\/14\/piekny-weekend-choc-zimny-i-deszczowy\/","title":{"rendered":"Pi\u0119kny weekend, cho\u0107 zimny i deszczowy"},"content":{"rendered":"<p>Got\u00f3w by\u0142em si\u0119 za\u0142o\u017cy\u0107, \u017ce przyjdzie kilkaset os\u00f3b. Tymczasem ku zaskoczeniu wszystkich by\u0142o niemal 50 tys. tych, kt\u00f3rzy zrozumieli, co nam grozi i \u017ce to ostatnia chwila, by si\u0119 ujawni\u0107 i zjednoczy\u0107 w prote\u015bcie. I to nie tylko w Warszawie, gdzie naj\u0142atwiej ludzi poruszy\u0107. Podobnie \u2013 cho\u0107 nie tak licznie \u2013 by\u0142o w innych miastach.<br \/>\n<!--more--><br \/>\nWszystkich tych, kt\u00f3rzy manifestowali w obronie demokracji, nazwano lud\u017ami drugiej kategorii lub szumowin\u0105. No to zaszumieli na ca\u0142y kraj. By\u0142o powa\u017cnie, ale i weso\u0142o. Widzia\u0142em transparenty, na kt\u00f3rych Krak\u00f3w przeprasza\u0142 za Dud\u0119, Ziobr\u0119 i Gowina, a tu\u017c obok warszawiak\u00f3w, kt\u00f3rzy w odpowiedzi krzyczeli, \u017ce Saska przeprasza za K\u0119p\u0119. (Dowcip zrozumia\u0142y dla starszego pokolenia mieszka\u0144c\u00f3w stolicy).<\/p>\n<p>Po demonstracji zaroi\u0142y si\u0119 sto\u0142eczne kawiarnie i restauracje. Nikt nie chcia\u0142 i\u015b\u0107 do domu, bo wszyscy poczuli rado\u015b\u0107 ze zjednoczenia w dobrej sprawie. Na blogu te\u017c powia\u0142o wiosn\u0105, mimo \u017ce to niemal zima.<\/p>\n<div id=\"attachment_15845\" style=\"width: 630px\" class=\"wp-caption aligncenter\"><a href=\"\/wp-content\/uploads\/2015\/12\/Olek-Bondonio-i-dom.jpg\"><img loading=\"lazy\" decoding=\"async\" aria-describedby=\"caption-attachment-15845\" src=\"\/wp-content\/uploads\/2015\/12\/Olek-Bondonio-i-dom-1024x768.jpg\" alt=\"Fot. P. Adamczewski\" width=\"620\" height=\"465\" class=\"size-large wp-image-15845\" srcset=\"\/adamczewski\/wp-content\/uploads\/2015\/12\/Olek-Bondonio-i-dom-1024x768.jpg 1024w, \/adamczewski\/wp-content\/uploads\/2015\/12\/Olek-Bondonio-i-dom-300x225.jpg 300w\" sizes=\"(max-width: 620px) 100vw, 620px\" \/><\/a><p id=\"caption-attachment-15845\" class=\"wp-caption-text\">Fot. P. Adamczewski<\/p><\/div>\n<p>Nie wiem, jak w innych domach, ale u nas obiad mia\u0142 uroczysty charakter. Pieczona pier\u015b g\u0119si z kasz\u0105 gryczan\u0105, marchewka sma\u017cona (al dente) z koperkiem i peperoncino, a do tego najlepsze z le\u017cakuj\u0105cych od do\u015b\u0107 dawna win, czyli barbaresco z winnicy Olka Bondonio.<\/p>\n<p>S\u0142owem &#8211; prawdziwe \u015bwi\u0119to.<\/p>\n","protected":false},"excerpt":{"rendered":"<p>Got\u00f3w by\u0142em si\u0119 za\u0142o\u017cy\u0107, \u017ce przyjdzie kilkaset os\u00f3b. Tymczasem ku zaskoczeniu wszystkich by\u0142o niemal 50 tys. tych, kt\u00f3rzy zrozumieli, co nam grozi i \u017ce to ostatnia chwila, by si\u0119 ujawni\u0107 i zjednoczy\u0107 w prote\u015bcie. I to nie tylko w Warszawie, gdzie naj\u0142atwiej ludzi poruszy\u0107. Podobnie \u2013 cho\u0107 nie tak licznie \u2013 by\u0142o w innych miastach.<\/p>\n","protected":false},"author":2,"featured_media":0,"comment_status":"open","ping_status":"closed","sticky":false,"template":"","format":"standard","meta":{"footnotes":""},"categories":[1],"tags":[],"_links":{"self":[{"href":"https:\/\/blog.polityka.pl\/adamczewski\/wp-json\/wp\/v2\/posts\/15843"}],"collection":[{"href":"https:\/\/blog.polityka.pl\/adamczewski\/wp-json\/wp\/v2\/posts"}],"about":[{"href":"https:\/\/blog.polityka.pl\/adamczewski\/wp-json\/wp\/v2\/types\/post"}],"author":[{"embeddable":true,"href":"https:\/\/blog.polityka.pl\/adamczewski\/wp-json\/wp\/v2\/users\/2"}],"replies":[{"embeddable":true,"href":"https:\/\/blog.polityka.pl\/adamczewski\/wp-json\/wp\/v2\/comments?post=15843"}],"version-history":[{"count":4,"href":"https:\/\/blog.polityka.pl\/adamczewski\/wp-json\/wp\/v2\/posts\/15843\/revisions"}],"predecessor-version":[{"id":15846,"href":"https:\/\/blog.polityka.pl\/adamczewski\/wp-json\/wp\/v2\/posts\/15843\/revisions\/15846"}],"wp:attachment":[{"href":"https:\/\/blog.polityka.pl\/adamczewski\/wp-json\/wp\/v2\/media?parent=15843"}],"wp:term":[{"taxonomy":"category","embeddable":true,"href":"https:\/\/blog.polityka.pl\/adamczewski\/wp-json\/wp\/v2\/categories?post=15843"},{"taxonomy":"post_tag","embeddable":true,"href":"https:\/\/blog.polityka.pl\/adamczewski\/wp-json\/wp\/v2\/tags?post=15843"}],"curies":[{"name":"wp","href":"https:\/\/api.w.org\/{rel}","templated":true}]}}