
{"id":15864,"date":"2015-12-17T07:00:01","date_gmt":"2015-12-17T06:00:01","guid":{"rendered":"http:\/\/adamczewski.blog.polityka.pl\/?p=15864"},"modified":"2015-12-17T13:51:14","modified_gmt":"2015-12-17T12:51:14","slug":"duch-w-paryzu","status":"publish","type":"post","link":"https:\/\/blog.polityka.pl\/adamczewski\/2015\/12\/17\/duch-w-paryzu\/","title":{"rendered":"Duch w Pary\u017cu"},"content":{"rendered":"<p>Dosta\u0142em nowy numer magazynu \u201eUsta\u201d.<br \/>\n<!--more--><br \/>\nWysmakowany jak zwykle i z wieloma tekstami, kt\u00f3re mog\u0105 zainteresowa\u0107 nie tylko smakoszy.<a href=\"\/wp-content\/uploads\/2015\/12\/Nowe-usta.jpg\"><img loading=\"lazy\" decoding=\"async\" src=\"\/wp-content\/uploads\/2015\/12\/Nowe-usta.jpg\" alt=\"Nowe usta\" width=\"495\" height=\"640\" class=\"aligncenter size-full wp-image-15863\" srcset=\"\/adamczewski\/wp-content\/uploads\/2015\/12\/Nowe-usta.jpg 495w, \/adamczewski\/wp-content\/uploads\/2015\/12\/Nowe-usta-232x300.jpg 232w\" sizes=\"(max-width: 495px) 100vw, 495px\" \/><\/a>Zamar\u0142em ze zdumienia ju\u017c na samym pocz\u0105tku, ogl\u0105daj\u0105c tekst Ma\u0142gorzaty Abramowskiej \u201eA la Francaise\u201d. To niewielki reporta\u017cyk z niezwyk\u0142ego sklepu za\u0142o\u017conego w 1820 roku, sprzedaj\u0105cego kulinarne akcesoria. Po 105 latach mo\u017cna tu kupi\u0107 cudownej urody drobiazgi, kt\u00f3re kupowali pierwsi nabywcy przed stu laty. <\/p>\n<p>Ale ja zamar\u0142em nie z powodu niezwyk\u0142ej urody miedzianych garnk\u00f3w czy patelni, lecz widz\u0105c stoj\u0105c\u0105 przed witryn\u0105 par\u0119 klient\u00f3w. M\u0119\u017cczyzna stoi ty\u0142em, wi\u0119c jest nie rozpoznawalny, ale towarzysz\u0105ca mu kobieta jest w tzw. pozie trois-quart i rozpozna\u0142em bez zastanowienia moj\u0105 matk\u0119. Tyle tylko, \u017ce ona (cho\u0107 bywa\u0142a w Pary\u017cu wielokrotnie) nie \u017cyje ju\u017c od 19 lat. Musi wi\u0119c to by\u0107 jej duch, kt\u00f3rych nad Sekwan\u0105 podobno jest pe\u0142no. Podczas lektury kolejnych artyku\u0142\u00f3w co chwila wracam na stron\u0119 16. i za ka\u017cdym razem ogarnia mnie zdumienie.<\/p>\n<p>Drugim tekstem, przy kt\u00f3rym zatrzyma\u0142em si\u0119 na d\u0142u\u017cej, by\u0142 wywiad z wybitnym grafikiem \u2013 Markiem Raczkowskim. Znam go dobrze, bo pracowa\u0142 ze mn\u0105 w POLITYCE. Tym razem Marek ods\u0142oni\u0142 swoje wn\u0119trze z zupe\u0142nie nieznanej mi strony. To rozmowa bardzo intymna i nawet wstrz\u0105saj\u0105ca, nie b\u0119d\u0119 wi\u0119c jej streszcza\u0142, by nie zwulgaryzowa\u0107 my\u015bli artysty.<\/p>\n<p>Z niezwyk\u0142ym zainteresowaniem przeczyta\u0142em te\u017c zwierzenia kelner\u00f3w. Od tej pory b\u0119d\u0119 patrzy\u0142 na obs\u0142uguj\u0105cych mnie w restauracjach w zupe\u0142nie inny ni\u017c dot\u0105d spos\u00f3b. Zdarzaj\u0105 si\u0119 w\u015br\u00f3d nich niezwykli ludzie. To nie s\u0105 maszynki do roznoszenia talerzy i dopisywania daty do rachunk\u00f3w. Warto o tym wiedzie\u0107.<\/p>\n","protected":false},"excerpt":{"rendered":"<p>Dosta\u0142em nowy numer magazynu \u201eUsta\u201d.<\/p>\n","protected":false},"author":2,"featured_media":0,"comment_status":"open","ping_status":"closed","sticky":false,"template":"","format":"standard","meta":{"footnotes":""},"categories":[1],"tags":[],"_links":{"self":[{"href":"https:\/\/blog.polityka.pl\/adamczewski\/wp-json\/wp\/v2\/posts\/15864"}],"collection":[{"href":"https:\/\/blog.polityka.pl\/adamczewski\/wp-json\/wp\/v2\/posts"}],"about":[{"href":"https:\/\/blog.polityka.pl\/adamczewski\/wp-json\/wp\/v2\/types\/post"}],"author":[{"embeddable":true,"href":"https:\/\/blog.polityka.pl\/adamczewski\/wp-json\/wp\/v2\/users\/2"}],"replies":[{"embeddable":true,"href":"https:\/\/blog.polityka.pl\/adamczewski\/wp-json\/wp\/v2\/comments?post=15864"}],"version-history":[{"count":4,"href":"https:\/\/blog.polityka.pl\/adamczewski\/wp-json\/wp\/v2\/posts\/15864\/revisions"}],"predecessor-version":[{"id":15867,"href":"https:\/\/blog.polityka.pl\/adamczewski\/wp-json\/wp\/v2\/posts\/15864\/revisions\/15867"}],"wp:attachment":[{"href":"https:\/\/blog.polityka.pl\/adamczewski\/wp-json\/wp\/v2\/media?parent=15864"}],"wp:term":[{"taxonomy":"category","embeddable":true,"href":"https:\/\/blog.polityka.pl\/adamczewski\/wp-json\/wp\/v2\/categories?post=15864"},{"taxonomy":"post_tag","embeddable":true,"href":"https:\/\/blog.polityka.pl\/adamczewski\/wp-json\/wp\/v2\/tags?post=15864"}],"curies":[{"name":"wp","href":"https:\/\/api.w.org\/{rel}","templated":true}]}}