
{"id":15875,"date":"2015-12-21T07:00:17","date_gmt":"2015-12-21T06:00:17","guid":{"rendered":"http:\/\/adamczewski.blog.polityka.pl\/?p=15875"},"modified":"2015-12-21T14:42:36","modified_gmt":"2015-12-21T13:42:36","slug":"przedswiateczne-wizyty","status":"publish","type":"post","link":"https:\/\/blog.polityka.pl\/adamczewski\/2015\/12\/21\/przedswiateczne-wizyty\/","title":{"rendered":"Przed\u015bwi\u0105teczne wizyty"},"content":{"rendered":"<p>Nie znam innego takiego kraju, w kt\u00f3rym tyle uwagi po\u015bwi\u0119ca si\u0119 zmar\u0142ym przodkom.<br \/>\n<!--more--><br \/>\nU nas cmentarze zaludniaj\u0105 si\u0119 nie tylko w \u015awi\u0119to Zmar\u0142ych, kiedy to na ka\u017cdej nawet najmniejszej nekropolii jest t\u0142ok i na grobach kwiat\u00f3w zatrz\u0119sienie. Odwiedzamy zmar\u0142ych krewnych tak\u017ce w ich rocznice urodzin, czasem w inne dni, a tak\u017ce przed Bo\u017cym Narodzeniem i Wielkanoc\u0105.<\/p>\n<p>Na sto\u0142ecznych Pow\u0105zkach i Br\u00f3dnie (sam tam bywam wi\u0119c wiem z autopsji) jest taki t\u0142ok, \u017ce trudno dojecha\u0107, a o wygodnym zaparkowaniu mo\u017cna tylko marzy\u0107. I to bez wzgl\u0119du na pogod\u0119. Tegoroczna pseudozima u\u0142atwia te wizyty, bo \u015bwieci s\u0142o\u0144ce, nie pada ani \u015bnieg, ani deszcz i wizyty u moich praprababek i prapradziadk\u00f3w zamieniaj\u0105 si\u0119 w przyjemne spacery.<\/p>\n<p>Zw\u0142aszcza \u017ce nasze rodzinne groby mieszcz\u0105 si\u0119 w najstarszych i zabytkowych cz\u0119\u015bciach obu cmentarzy i w\u0119dr\u00f3wka pomi\u0119dzy grobami, kt\u00f3re s\u0105 pami\u0105tkami kultury, cz\u0119sto wspania\u0142ymi rze\u017abami i przypominaj\u0105 nam rodziny zas\u0142u\u017cone dla Polski, a cz\u0119sto ju\u017c niemaj\u0105ce \u017cadnego potomstwa. Na tych grobach te\u017c zostawiamy kwiaty.<\/p>\n<p>Nie s\u0105 to wi\u0119c w\u0119dr\u00f3wki pe\u0142ne \u0142ez, a raczej zadumania i nostalgii. I taka w\u0142a\u015bnie by\u0142a miniona niedziela.<\/p>\n","protected":false},"excerpt":{"rendered":"<p>Nie znam innego takiego kraju, w kt\u00f3rym tyle uwagi po\u015bwi\u0119ca si\u0119 zmar\u0142ym przodkom.<\/p>\n","protected":false},"author":2,"featured_media":0,"comment_status":"open","ping_status":"closed","sticky":false,"template":"","format":"standard","meta":{"footnotes":""},"categories":[1],"tags":[],"_links":{"self":[{"href":"https:\/\/blog.polityka.pl\/adamczewski\/wp-json\/wp\/v2\/posts\/15875"}],"collection":[{"href":"https:\/\/blog.polityka.pl\/adamczewski\/wp-json\/wp\/v2\/posts"}],"about":[{"href":"https:\/\/blog.polityka.pl\/adamczewski\/wp-json\/wp\/v2\/types\/post"}],"author":[{"embeddable":true,"href":"https:\/\/blog.polityka.pl\/adamczewski\/wp-json\/wp\/v2\/users\/2"}],"replies":[{"embeddable":true,"href":"https:\/\/blog.polityka.pl\/adamczewski\/wp-json\/wp\/v2\/comments?post=15875"}],"version-history":[{"count":3,"href":"https:\/\/blog.polityka.pl\/adamczewski\/wp-json\/wp\/v2\/posts\/15875\/revisions"}],"predecessor-version":[{"id":15898,"href":"https:\/\/blog.polityka.pl\/adamczewski\/wp-json\/wp\/v2\/posts\/15875\/revisions\/15898"}],"wp:attachment":[{"href":"https:\/\/blog.polityka.pl\/adamczewski\/wp-json\/wp\/v2\/media?parent=15875"}],"wp:term":[{"taxonomy":"category","embeddable":true,"href":"https:\/\/blog.polityka.pl\/adamczewski\/wp-json\/wp\/v2\/categories?post=15875"},{"taxonomy":"post_tag","embeddable":true,"href":"https:\/\/blog.polityka.pl\/adamczewski\/wp-json\/wp\/v2\/tags?post=15875"}],"curies":[{"name":"wp","href":"https:\/\/api.w.org\/{rel}","templated":true}]}}