
{"id":15877,"date":"2015-12-24T07:00:27","date_gmt":"2015-12-24T06:00:27","guid":{"rendered":"http:\/\/adamczewski.blog.polityka.pl\/?p=15877"},"modified":"2015-12-24T00:55:30","modified_gmt":"2015-12-23T23:55:30","slug":"oplatek","status":"publish","type":"post","link":"https:\/\/blog.polityka.pl\/adamczewski\/2015\/12\/24\/oplatek\/","title":{"rendered":"Op\u0142atek"},"content":{"rendered":"<p><em>Jest w moim kraju zwyczaj, \u017ce w dzie\u0144 wigilijny,<br \/>\nPrzy wzej\u015bciu pierwszej gwiazdy wieczornej na niebie,<br \/>\nLudzie gniazda wsp\u00f3lnego \u0142ami\u0105 chleb biblijny<br \/>\nNajtkliwsze przekazuj\u0105c uczucia w tym chlebie.<\/em><\/p>\n<p><strong>C.K. Norwid<\/strong><!--more--><\/p>\n<div id=\"attachment_15893\" style=\"width: 630px\" class=\"wp-caption aligncenter\"><a href=\"\/wp-content\/uploads\/2015\/12\/Gwiazda-betlejemska3.jpg\"><img loading=\"lazy\" decoding=\"async\" aria-describedby=\"caption-attachment-15893\" src=\"\/wp-content\/uploads\/2015\/12\/Gwiazda-betlejemska3-1024x768.jpg\" alt=\"A wi\u0119c Weso\u0142ych \u015awi\u0105t!\" width=\"620\" height=\"465\" class=\"size-large wp-image-15893\" srcset=\"\/adamczewski\/wp-content\/uploads\/2015\/12\/Gwiazda-betlejemska3.jpg 1024w, \/adamczewski\/wp-content\/uploads\/2015\/12\/Gwiazda-betlejemska3-300x225.jpg 300w\" sizes=\"(max-width: 620px) 100vw, 620px\" \/><\/a><p id=\"caption-attachment-15893\" class=\"wp-caption-text\">A wi\u0119c Weso\u0142ych \u015awi\u0105t!<\/p><\/div>\n<p>\u017bycz\u0105c wszystkim smacznych \u015awi\u0105t, nie mo\u017cna przyjaci\u00f3\u0142 zanudzi\u0107. Nie b\u0119dzie wi\u0119c zbyt du\u017co s\u0142\u00f3w, a za to kilka \u0142adnych obrazk\u00f3w. W naszym domu od wielu przyj\u0119\u0142o si\u0119, \u017ce kwiatem bo\u017conarodzeniowym jest gwiazda betlejemska, zwana inaczej poinsecj\u0105. Dzi\u0119ki niej dom tonie w czerwieni, a nam si\u0119 rodzi cieplej. Na dodatek widzieli\u015bmy poinsecje na Cejlonie, kt\u00f3re tam rosn\u0105 w postaci drzew, a to, co my uwa\u017camy za kwiaty \u2013 to krwisto czerwone li\u015bcie.<a href=\"\/wp-content\/uploads\/2015\/12\/Gwiazda-betlejemska2.jpg\"><img loading=\"lazy\" decoding=\"async\" src=\"\/wp-content\/uploads\/2015\/12\/Gwiazda-betlejemska2.jpg\" alt=\"Gwiazda betlejemska2\" width=\"768\" height=\"768\" class=\"aligncenter size-full wp-image-15892\" srcset=\"\/adamczewski\/wp-content\/uploads\/2015\/12\/Gwiazda-betlejemska2.jpg 768w, \/adamczewski\/wp-content\/uploads\/2015\/12\/Gwiazda-betlejemska2-150x150.jpg 150w, \/adamczewski\/wp-content\/uploads\/2015\/12\/Gwiazda-betlejemska2-300x300.jpg 300w\" sizes=\"(max-width: 768px) 100vw, 768px\" \/><\/a>Na drzewo nie ma u nas miejsca, ale nawet spore donice z gwiazdami betlejemskimi mieszcz\u0105 si\u0119 swobodnie. No to jeszcze raz Weso\u0142ych \u015awi\u0105t w radosnych barwach czerwieni.<a href=\"\/wp-content\/uploads\/2015\/12\/Gwiazda-betlejemska1.jpg\"><img loading=\"lazy\" decoding=\"async\" src=\"\/wp-content\/uploads\/2015\/12\/Gwiazda-betlejemska1.jpg\" alt=\"Gwiazda betlejemska1\" width=\"507\" height=\"768\" class=\"aligncenter size-full wp-image-15891\" srcset=\"\/adamczewski\/wp-content\/uploads\/2015\/12\/Gwiazda-betlejemska1.jpg 507w, \/adamczewski\/wp-content\/uploads\/2015\/12\/Gwiazda-betlejemska1-198x300.jpg 198w\" sizes=\"(max-width: 507px) 100vw, 507px\" \/><\/a><\/p>\n","protected":false},"excerpt":{"rendered":"<p>Jest w moim kraju zwyczaj, \u017ce w dzie\u0144 wigilijny, Przy wzej\u015bciu pierwszej gwiazdy wieczornej na niebie, Ludzie gniazda wsp\u00f3lnego \u0142ami\u0105 chleb biblijny Najtkliwsze przekazuj\u0105c uczucia w tym chlebie. C.K. Norwid<\/p>\n","protected":false},"author":2,"featured_media":0,"comment_status":"open","ping_status":"closed","sticky":false,"template":"","format":"standard","meta":{"footnotes":""},"categories":[1],"tags":[],"_links":{"self":[{"href":"https:\/\/blog.polityka.pl\/adamczewski\/wp-json\/wp\/v2\/posts\/15877"}],"collection":[{"href":"https:\/\/blog.polityka.pl\/adamczewski\/wp-json\/wp\/v2\/posts"}],"about":[{"href":"https:\/\/blog.polityka.pl\/adamczewski\/wp-json\/wp\/v2\/types\/post"}],"author":[{"embeddable":true,"href":"https:\/\/blog.polityka.pl\/adamczewski\/wp-json\/wp\/v2\/users\/2"}],"replies":[{"embeddable":true,"href":"https:\/\/blog.polityka.pl\/adamczewski\/wp-json\/wp\/v2\/comments?post=15877"}],"version-history":[{"count":7,"href":"https:\/\/blog.polityka.pl\/adamczewski\/wp-json\/wp\/v2\/posts\/15877\/revisions"}],"predecessor-version":[{"id":15907,"href":"https:\/\/blog.polityka.pl\/adamczewski\/wp-json\/wp\/v2\/posts\/15877\/revisions\/15907"}],"wp:attachment":[{"href":"https:\/\/blog.polityka.pl\/adamczewski\/wp-json\/wp\/v2\/media?parent=15877"}],"wp:term":[{"taxonomy":"category","embeddable":true,"href":"https:\/\/blog.polityka.pl\/adamczewski\/wp-json\/wp\/v2\/categories?post=15877"},{"taxonomy":"post_tag","embeddable":true,"href":"https:\/\/blog.polityka.pl\/adamczewski\/wp-json\/wp\/v2\/tags?post=15877"}],"curies":[{"name":"wp","href":"https:\/\/api.w.org\/{rel}","templated":true}]}}