
{"id":15879,"date":"2015-12-23T07:00:41","date_gmt":"2015-12-23T06:00:41","guid":{"rendered":"http:\/\/adamczewski.blog.polityka.pl\/?p=15879"},"modified":"2015-12-21T14:52:23","modified_gmt":"2015-12-21T13:52:23","slug":"kolednicy","status":"publish","type":"post","link":"https:\/\/blog.polityka.pl\/adamczewski\/2015\/12\/23\/kolednicy\/","title":{"rendered":"Kol\u0119dnicy"},"content":{"rendered":"<p>Nawet na wsi zanika obyczaj kol\u0119dowania.<br \/>\n<!--more--><br \/>\nOwszem moi s\u0105siedzi w Puszczy Bia\u0142ej \u015bpiewaj\u0105 kol\u0119dy przy wigilijnym stole, ale nikt z nich nie w\u0119druje od zagrody do zagrody, by za\u015bpiewa\u0107 z gospodarzami mieszkaj\u0105cymi obok. A szkoda, bo takie wsp\u00f3lne kol\u0119dowanie zacie\u015bnia wi\u0119zi s\u0105siedzkie i pozwala ludziom si\u0119 zaprzyja\u017ania\u0107.<\/p>\n<p>No to mo\u017ce razem za\u015bpiewajmy, bo przecie\u017c kol\u0119dy to pi\u0119kne i wzruszaj\u0105ce pie\u015bni. A ta dotyczy drzewka, na kt\u00f3rym od czasu do czasu ka\u017cdy z nas za kar\u0119 przesiaduje:<a href=\"\/wp-content\/uploads\/2015\/12\/\u0141\u0119cino-zima-2012-\u015bwierk.jpg\"><img loading=\"lazy\" decoding=\"async\" src=\"\/wp-content\/uploads\/2015\/12\/\u0141\u0119cino-zima-2012-\u015bwierk-768x1024.jpg\" alt=\"OLYMPUS DIGITAL CAMERA\" width=\"620\" height=\"827\" class=\"aligncenter size-large wp-image-15883\" srcset=\"\/adamczewski\/wp-content\/uploads\/2015\/12\/\u0141\u0119cino-zima-2012-\u015bwierk-768x1024.jpg 768w, \/adamczewski\/wp-content\/uploads\/2015\/12\/\u0141\u0119cino-zima-2012-\u015bwierk-225x300.jpg 225w\" sizes=\"(max-width: 620px) 100vw, 620px\" \/><\/a><em>Chojka, chojka, zielyni si\u0119 trowka, zielyni si\u0119 trowka.<br \/>\nSiedzom sobie pastuszkowie, jedzon kaszym z gorka.<br \/>\nSiedzom sobie pastuszkowie, jedzon kaszym z gorka.<\/p>\n<p>Przyszed\u0142 ku nim janio\u0142 i tak im powiedzio\u0142,<br \/>\n\u017ce si\u0119 Jezusek narodzi\u0142, coby ka\u017cdy wiedzio\u0142,<br \/>\n\u017ce si\u0119 Jezusek narodzi\u0142, coby ka\u017cdy wiedzio\u0142.<\/p>\n<p>\u0141oni si\u0119 go zlynkli, na kolana klynkli,<br \/>\nwsieckie \u0142y\u017cki i wa\u017cyszki wypad\u0142y im z rynki,<br \/>\nwsieckie \u0142y\u017cki i wa\u017cyszki wypad\u0142y im z rynki.<\/p>\n<p>Wypad\u0142y in z rynki jak sie dowiedzieli<br \/>\nI z darami do Betlejym wsiecy pobierzeli<br \/>\nI z darami do Betlejym wsiecy pobierzeli.<\/em><\/p>\n","protected":false},"excerpt":{"rendered":"<p>Nawet na wsi zanika obyczaj kol\u0119dowania.<\/p>\n","protected":false},"author":2,"featured_media":0,"comment_status":"open","ping_status":"closed","sticky":false,"template":"","format":"standard","meta":{"footnotes":""},"categories":[1],"tags":[],"_links":{"self":[{"href":"https:\/\/blog.polityka.pl\/adamczewski\/wp-json\/wp\/v2\/posts\/15879"}],"collection":[{"href":"https:\/\/blog.polityka.pl\/adamczewski\/wp-json\/wp\/v2\/posts"}],"about":[{"href":"https:\/\/blog.polityka.pl\/adamczewski\/wp-json\/wp\/v2\/types\/post"}],"author":[{"embeddable":true,"href":"https:\/\/blog.polityka.pl\/adamczewski\/wp-json\/wp\/v2\/users\/2"}],"replies":[{"embeddable":true,"href":"https:\/\/blog.polityka.pl\/adamczewski\/wp-json\/wp\/v2\/comments?post=15879"}],"version-history":[{"count":6,"href":"https:\/\/blog.polityka.pl\/adamczewski\/wp-json\/wp\/v2\/posts\/15879\/revisions"}],"predecessor-version":[{"id":15902,"href":"https:\/\/blog.polityka.pl\/adamczewski\/wp-json\/wp\/v2\/posts\/15879\/revisions\/15902"}],"wp:attachment":[{"href":"https:\/\/blog.polityka.pl\/adamczewski\/wp-json\/wp\/v2\/media?parent=15879"}],"wp:term":[{"taxonomy":"category","embeddable":true,"href":"https:\/\/blog.polityka.pl\/adamczewski\/wp-json\/wp\/v2\/categories?post=15879"},{"taxonomy":"post_tag","embeddable":true,"href":"https:\/\/blog.polityka.pl\/adamczewski\/wp-json\/wp\/v2\/tags?post=15879"}],"curies":[{"name":"wp","href":"https:\/\/api.w.org\/{rel}","templated":true}]}}