
{"id":15909,"date":"2015-12-28T07:00:46","date_gmt":"2015-12-28T06:00:46","guid":{"rendered":"http:\/\/adamczewski.blog.polityka.pl\/?p=15909"},"modified":"2016-01-03T16:08:56","modified_gmt":"2016-01-03T15:08:56","slug":"zadna-okragla-rocznica-a-jednak-kolejny-etap","status":"publish","type":"post","link":"https:\/\/blog.polityka.pl\/adamczewski\/2015\/12\/28\/zadna-okragla-rocznica-a-jednak-kolejny-etap\/","title":{"rendered":"\u017badna okr\u0105g\u0142a rocznica, a jednak kolejny etap"},"content":{"rendered":"<p>W te \u015bwi\u0119ta poczu\u0142em, \u017ce rozpocz\u0105\u0142 si\u0119 kolejny etap w moim \u017cyciu. Nie min\u0119\u0142a \u017cadna okr\u0105g\u0142a rocznica (urodziny mam przecie\u017c w maju), a mnie si\u0119 wydaje, \u017ce wchodz\u0119 w now\u0105 zupe\u0142nie inn\u0105 er\u0119.<br \/>\n<!--more--><br \/>\nWigilia by\u0142a i smaczna, i niezwykle sympatyczna, przebieg\u0142a w \u015bci\u015ble rodzinnym i przyjacielskim gronie. M\u00f3j niewielki wk\u0142ad by\u0142 do\u015b\u0107 znacz\u0105cy, bo kutia wysz\u0142a nadzwyczaj pysznie i by\u0142o jej tyle, \u017ce starczy\u0142o a\u017c do dzi\u015b i mog\u0119 sobie czytaj\u0105c, podjada\u0107 mocno sch\u0142odzony mak z pszenic\u0105 i bakaliami o miodowo-gryczanym smaku.<\/p>\n<p>Dzieci i wnuki rozjecha\u0142y si\u0119 po g\u00f3rach w r\u00f3\u017cnych krajach w poszukiwaniu \u015bniegu. A my zostali\u015bmy we dwoje na gospodarstwie. W niedziel\u0119 przyj\u0119li\u015bmy na drugim \u015bniadaniu czworo bardzo bliskich przyjaci\u00f3\u0142 i sp\u0119dzili\u015bmy czas na rozmowach (wprost nie do uwierzenia) o literaturze, polityce i fizyce.<\/p>\n<p>Codziennie te\u017c \u2013 zgodnie z zaleceniami naszego ulubionego prezentera pogodowego Tomasza Zubilewicza \u2013 odbywali\u015bmy kr\u00f3tkie w\u0119dr\u00f3wki po lesistych okolicach Konstancina, Zalesia czy Bielan. Reszt\u0119 czasu sp\u0119dzali\u015bmy we dwoje, czytaj\u0105c \u015bwie\u017co otrzymane ksi\u0105\u017cki. <\/p>\n<p>Moje najwi\u0119ksze zainteresowanie wzbudzi\u0142o dzie\u0142o chyba zupe\u0142nie nieznanego w Polsce Mateusza Gralewskiego zatytu\u0142owane \u201eKaukaz. Wspomnienia z dwunastoletniej niewoli\u201d. Ksi\u0105\u017cka powsta\u0142a w ko\u0144cu XIX wieku po zwolnieniu autora z zes\u0142ania. Uczeni oceniaj\u0105cy dzi\u015b t\u0119 ksi\u0105\u017ck\u0119 (prof. Wojciech Materski) twierdz\u0105, \u017ce to jednocze\u015bnie dzie\u0142o prekursorskie w dziedzinie reporta\u017cu i antropologii czy geografii. Ksi\u0105\u017cka opatrzona jest licznymi przypisami (przygotowanymi przez nieznanego mi dot\u0105d Przemys\u0142awa Adamczewskiego), co z jednej strony spowalnia lektur\u0119, ale z drugiej &#8211; pozwala lepiej rozpozna\u0107 teren i ludzi, kt\u00f3rych opisuje Gralewski.<\/p>\n<p>Czytam \u201eKaukaz\u201d na zmian\u0119 z \u201eWtedy, o powojennym Krakowie\u201d Joanny Olczak-Ronikier. Autorka jest g\u0142o\u015bna od czasu opublikowania i nagrodzenia Nike \u201eW ogrodzie pami\u0119ci\u201d. Prawd\u0119 za\u015b rzek\u0142szy, znaj\u0105 j\u0105 doskonale wielbiciele kabaretu \u201ePiwnica pod Baranami\u201d, kt\u00f3rego by\u0142a wsp\u00f3\u0142za\u0142o\u017cycielk\u0105 i scenarzystk\u0105. Po ksi\u0105\u017cce naukowej wspomnienia z powojennego Krakowa wydaj\u0105 si\u0119 lektur\u0105 wr\u0119cz rozrywkow\u0105.<\/p>\n<div id=\"attachment_15912\" style=\"width: 630px\" class=\"wp-caption aligncenter\"><a href=\"\/wp-content\/uploads\/2015\/12\/Capri-szcz\u0119\u015bliwi.jpg\"><img loading=\"lazy\" decoding=\"async\" aria-describedby=\"caption-attachment-15912\" src=\"\/wp-content\/uploads\/2015\/12\/Capri-szcz\u0119\u015bliwi-1024x768.jpg\" alt=\"Szcz\u0119\u015bcia niekoniecznie trzeba szuka\u0107 a\u017c na Capri. Fot. Zuzanna\" width=\"620\" height=\"465\" class=\"size-large wp-image-15912\" srcset=\"\/adamczewski\/wp-content\/uploads\/2015\/12\/Capri-szcz\u0119\u015bliwi-1024x768.jpg 1024w, \/adamczewski\/wp-content\/uploads\/2015\/12\/Capri-szcz\u0119\u015bliwi-300x225.jpg 300w\" sizes=\"(max-width: 620px) 100vw, 620px\" \/><\/a><p id=\"caption-attachment-15912\" class=\"wp-caption-text\">Szcz\u0119\u015bcia niekoniecznie trzeba szuka\u0107 a\u017c na Capri. Fot. Zuzanna<\/p><\/div>\n<p>Pomi\u0119dzy drobnymi (g\u0142\u00f3wnie deserowymi) posi\u0142kami a lektur\u0105 rozmawiamy o naszym \u017cyciu i zastanawiamy si\u0119, czy sp\u0119dzili\u015bmy je po\u017cytecznie. Wydaje nam si\u0119, \u017ce tak, co potwierdza p\u00f3\u0142ka z naszymi w\u0142asnymi ksi\u0105\u017ckami i studiuj\u0105ce na UW wnuki. I to w\u0142a\u015bnie ten rodzaj sp\u0119dzania \u015bwi\u0105t (a czeka nas jeszcze szykowany dla dwojga Sylwester) nasun\u0105\u0142 mi my\u015bl zawart\u0105 w tytule.<\/p>\n<p>Czasem warto obejrze\u0107 si\u0119 wstecz.<\/p>\n","protected":false},"excerpt":{"rendered":"<p>W te \u015bwi\u0119ta poczu\u0142em, \u017ce rozpocz\u0105\u0142 si\u0119 kolejny etap w moim \u017cyciu. Nie min\u0119\u0142a \u017cadna okr\u0105g\u0142a rocznica (urodziny mam przecie\u017c w maju), a mnie si\u0119 wydaje, \u017ce wchodz\u0119 w now\u0105 zupe\u0142nie inn\u0105 er\u0119.<\/p>\n","protected":false},"author":2,"featured_media":0,"comment_status":"open","ping_status":"closed","sticky":false,"template":"","format":"standard","meta":{"footnotes":""},"categories":[1],"tags":[],"_links":{"self":[{"href":"https:\/\/blog.polityka.pl\/adamczewski\/wp-json\/wp\/v2\/posts\/15909"}],"collection":[{"href":"https:\/\/blog.polityka.pl\/adamczewski\/wp-json\/wp\/v2\/posts"}],"about":[{"href":"https:\/\/blog.polityka.pl\/adamczewski\/wp-json\/wp\/v2\/types\/post"}],"author":[{"embeddable":true,"href":"https:\/\/blog.polityka.pl\/adamczewski\/wp-json\/wp\/v2\/users\/2"}],"replies":[{"embeddable":true,"href":"https:\/\/blog.polityka.pl\/adamczewski\/wp-json\/wp\/v2\/comments?post=15909"}],"version-history":[{"count":5,"href":"https:\/\/blog.polityka.pl\/adamczewski\/wp-json\/wp\/v2\/posts\/15909\/revisions"}],"predecessor-version":[{"id":15913,"href":"https:\/\/blog.polityka.pl\/adamczewski\/wp-json\/wp\/v2\/posts\/15909\/revisions\/15913"}],"wp:attachment":[{"href":"https:\/\/blog.polityka.pl\/adamczewski\/wp-json\/wp\/v2\/media?parent=15909"}],"wp:term":[{"taxonomy":"category","embeddable":true,"href":"https:\/\/blog.polityka.pl\/adamczewski\/wp-json\/wp\/v2\/categories?post=15909"},{"taxonomy":"post_tag","embeddable":true,"href":"https:\/\/blog.polityka.pl\/adamczewski\/wp-json\/wp\/v2\/tags?post=15909"}],"curies":[{"name":"wp","href":"https:\/\/api.w.org\/{rel}","templated":true}]}}