
{"id":15915,"date":"2015-12-29T07:00:17","date_gmt":"2015-12-29T06:00:17","guid":{"rendered":"http:\/\/adamczewski.blog.polityka.pl\/?p=15915"},"modified":"2016-01-03T16:11:14","modified_gmt":"2016-01-03T15:11:14","slug":"nikt-nie-bedzie-juz-kleczal-na-grochu","status":"publish","type":"post","link":"https:\/\/blog.polityka.pl\/adamczewski\/2015\/12\/29\/nikt-nie-bedzie-juz-kleczal-na-grochu\/","title":{"rendered":"Nikt nie b\u0119dzie ju\u017c kl\u0119cza\u0142 na grochu"},"content":{"rendered":"<p>Jeszcze nie tak dawno w ramach kar dla niesfornych dzieci stosowano kl\u0119czenie na grochu. Co prawda sam nigdy tej kary nie otrzyma\u0142em (a tym bardziej nie stosowa\u0142em jako metody wychowawczej).<br \/>\n<!--more--><br \/>\nDo grochu zawsze \u017cywi\u0142em stosunek wr\u0119cz nabo\u017cny. Podobnie do innych str\u0105czkowych &#8211; jak rozliczne fasole, b\u00f3b czy soczewica. A wynika\u0142o to g\u0142\u00f3wnie ze wzgl\u0119d\u00f3w smakowych. Groch\u00f3wka, w\u0119gierska zupa fasolowa, soczewica jako farsz do pierog\u00f3w czy b\u00f3b zapiekany z kie\u0142bas\u0105 i \u015bmietan\u0105 by\u0142y zawsze w stanie nadw\u0105tli\u0107 moj\u0105 siln\u0105 wol\u0119 i niech\u0119\u0107 do przejadania si\u0119. Gdy zobaczy\u0142em je na stole, zawsze ulega\u0142em pokusie si\u0119gni\u0119cia po nie, mimo znanych mi przykrych skutk\u00f3w po ob\u017carstwie.<\/p>\n<p>I oto okaza\u0142o si\u0119, \u017ce \u0142akomczuch\u00f3w i smakoszy str\u0105czkowych jest wi\u0119cej, i to w\u015br\u00f3d ludzi maj\u0105cych wp\u0142yw na losy \u015bwiata. Oto w noworocznym numerze POLITYKI (a\u017c 170 stron pasjonuj\u0105cej lektury!) znalaz\u0142em kr\u00f3tk\u0105, ale jak\u017ce wa\u017cn\u0105 notk\u0119 zatytu\u0142owan\u0105: \u201eRok grochu i wielkich rocznic\u201d, i dotyczy to nadchodz\u0105cego 2016 r. Jej pocz\u0105tek za\u015b brzmi nast\u0119puj\u0105co:<\/p>\n<blockquote><p>To b\u0119dzie Mi\u0119dzynarodowy Rok Ro\u015blin Str\u0105czkowych, kt\u00f3re \u2013 jak przekonuje ONZ \u2013 mog\u0105 pom\u00f3c wyeliminowa\u0107 g\u0142\u00f3w i niedo\u017cywienie. Ponad 800 mln ludzi nie dojada, a ro\u015bliny str\u0105czkowe maj\u0105 wysok\u0105 warto\u015b\u0107 od\u017cywcz\u0105 i ni\u017csze wymagania glebowe i sprz\u0119towe, wi\u0119c doskonale sprawdza\u0142yby si\u0119 w tzw. krajach Trzeciego \u015awiata. Grochy, fasole i soczewica pomog\u0142yby te\u017c w pierwszym \u015bwiecie, bo \u015bwietnie nadaj\u0105 si\u0119 do walki z oty\u0142o\u015bci\u0105, cukrzyc\u0105 i zawa\u0142ami serca.<\/p><\/blockquote>\n<p>Ta druga cz\u0119\u015b\u0107 dotycz\u0105ca zapobiegania chorobom, kt\u00f3re atakuj\u0105 coraz mocniej mieszka\u0144c\u00f3w Europy, mo\u017ce by\u0107 argumentem, \u017ce w moim ogrodzie na wsi znajd\u0119 kilka grz\u0105dek na reprezentacj\u0119 ro\u015blin str\u0105czkowych. A przepis\u00f3w na ich przyrz\u0105dzanie mam mn\u00f3stwo i cz\u0119\u015b\u0107 z nich tu oraz w ksi\u0105\u017ckach publikowa\u0142em. W stosownej porze lub na \u017cyczenie publiczno\u015bci ch\u0119tnie je powt\u00f3rz\u0119.<\/p>\n","protected":false},"excerpt":{"rendered":"<p>Jeszcze nie tak dawno w ramach kar dla niesfornych dzieci stosowano kl\u0119czenie na grochu. Co prawda sam nigdy tej kary nie otrzyma\u0142em (a tym bardziej nie stosowa\u0142em jako metody wychowawczej).<\/p>\n","protected":false},"author":2,"featured_media":0,"comment_status":"open","ping_status":"closed","sticky":false,"template":"","format":"standard","meta":{"footnotes":""},"categories":[1],"tags":[],"_links":{"self":[{"href":"https:\/\/blog.polityka.pl\/adamczewski\/wp-json\/wp\/v2\/posts\/15915"}],"collection":[{"href":"https:\/\/blog.polityka.pl\/adamczewski\/wp-json\/wp\/v2\/posts"}],"about":[{"href":"https:\/\/blog.polityka.pl\/adamczewski\/wp-json\/wp\/v2\/types\/post"}],"author":[{"embeddable":true,"href":"https:\/\/blog.polityka.pl\/adamczewski\/wp-json\/wp\/v2\/users\/2"}],"replies":[{"embeddable":true,"href":"https:\/\/blog.polityka.pl\/adamczewski\/wp-json\/wp\/v2\/comments?post=15915"}],"version-history":[{"count":3,"href":"https:\/\/blog.polityka.pl\/adamczewski\/wp-json\/wp\/v2\/posts\/15915\/revisions"}],"predecessor-version":[{"id":15934,"href":"https:\/\/blog.polityka.pl\/adamczewski\/wp-json\/wp\/v2\/posts\/15915\/revisions\/15934"}],"wp:attachment":[{"href":"https:\/\/blog.polityka.pl\/adamczewski\/wp-json\/wp\/v2\/media?parent=15915"}],"wp:term":[{"taxonomy":"category","embeddable":true,"href":"https:\/\/blog.polityka.pl\/adamczewski\/wp-json\/wp\/v2\/categories?post=15915"},{"taxonomy":"post_tag","embeddable":true,"href":"https:\/\/blog.polityka.pl\/adamczewski\/wp-json\/wp\/v2\/tags?post=15915"}],"curies":[{"name":"wp","href":"https:\/\/api.w.org\/{rel}","templated":true}]}}