
{"id":15922,"date":"2015-12-31T07:00:31","date_gmt":"2015-12-31T06:00:31","guid":{"rendered":"http:\/\/adamczewski.blog.polityka.pl\/?p=15922"},"modified":"2016-01-03T16:15:35","modified_gmt":"2016-01-03T15:15:35","slug":"umarl-krol-niech-zyje-krol-2","status":"publish","type":"post","link":"https:\/\/blog.polityka.pl\/adamczewski\/2015\/12\/31\/umarl-krol-niech-zyje-krol-2\/","title":{"rendered":"Umar\u0142 kr\u00f3l! Niech \u017cyje kr\u00f3l!"},"content":{"rendered":"<p>Taki okrzyk wznoszono w wielu monarchiach w godzinie \u015bmierci kr\u00f3la i og\u0142oszenia imienia nowego w\u0142adcy.<br \/>\n<!--more--><br \/>\nMy mo\u017cemy to zrobi\u0107 dzi\u015b, czyli w momencie odej\u015bcia starego 2015 i nadej\u015bcia nowego 2016 roku.<a href=\"\/wp-content\/uploads\/2015\/12\/Szampan-rocznik-99.jpg\"><img loading=\"lazy\" decoding=\"async\" src=\"\/wp-content\/uploads\/2015\/12\/Szampan-rocznik-99-768x1024.jpg\" alt=\"OLYMPUS DIGITAL CAMERA\" width=\"620\" height=\"827\" class=\"aligncenter size-large wp-image-15924\" srcset=\"\/adamczewski\/wp-content\/uploads\/2015\/12\/Szampan-rocznik-99-768x1024.jpg 768w, \/adamczewski\/wp-content\/uploads\/2015\/12\/Szampan-rocznik-99-225x300.jpg 225w\" sizes=\"(max-width: 620px) 100vw, 620px\" \/><\/a>Sk\u0142adaj\u0105c za\u015b \u017cyczenia wszystkim przyjacio\u0142om blogowym (nieprzyjacio\u0142om tak\u017ce), troch\u0119 sparafrazuj\u0119 standardowy zwrot i krzykn\u0119 na ca\u0142y g\u0142os:<\/p>\n<p><strong>Szcz\u0119\u015bliwszego nowego roku!<\/strong><\/p>\n","protected":false},"excerpt":{"rendered":"<p>Taki okrzyk wznoszono w wielu monarchiach w godzinie \u015bmierci kr\u00f3la i og\u0142oszenia imienia nowego w\u0142adcy.<\/p>\n","protected":false},"author":2,"featured_media":0,"comment_status":"open","ping_status":"closed","sticky":false,"template":"","format":"standard","meta":{"footnotes":""},"categories":[1],"tags":[],"_links":{"self":[{"href":"https:\/\/blog.polityka.pl\/adamczewski\/wp-json\/wp\/v2\/posts\/15922"}],"collection":[{"href":"https:\/\/blog.polityka.pl\/adamczewski\/wp-json\/wp\/v2\/posts"}],"about":[{"href":"https:\/\/blog.polityka.pl\/adamczewski\/wp-json\/wp\/v2\/types\/post"}],"author":[{"embeddable":true,"href":"https:\/\/blog.polityka.pl\/adamczewski\/wp-json\/wp\/v2\/users\/2"}],"replies":[{"embeddable":true,"href":"https:\/\/blog.polityka.pl\/adamczewski\/wp-json\/wp\/v2\/comments?post=15922"}],"version-history":[{"count":5,"href":"https:\/\/blog.polityka.pl\/adamczewski\/wp-json\/wp\/v2\/posts\/15922\/revisions"}],"predecessor-version":[{"id":15936,"href":"https:\/\/blog.polityka.pl\/adamczewski\/wp-json\/wp\/v2\/posts\/15922\/revisions\/15936"}],"wp:attachment":[{"href":"https:\/\/blog.polityka.pl\/adamczewski\/wp-json\/wp\/v2\/media?parent=15922"}],"wp:term":[{"taxonomy":"category","embeddable":true,"href":"https:\/\/blog.polityka.pl\/adamczewski\/wp-json\/wp\/v2\/categories?post=15922"},{"taxonomy":"post_tag","embeddable":true,"href":"https:\/\/blog.polityka.pl\/adamczewski\/wp-json\/wp\/v2\/tags?post=15922"}],"curies":[{"name":"wp","href":"https:\/\/api.w.org\/{rel}","templated":true}]}}