
{"id":1597,"date":"2010-03-05T08:00:40","date_gmt":"2010-03-05T07:00:40","guid":{"rendered":"http:\/\/adamczewski.blog.polityka.pl\/?p=1597"},"modified":"2010-03-05T08:52:35","modified_gmt":"2010-03-05T07:52:35","slug":"dzik-jest-dziki-dzik-jest-zly-a-zajaczka-nie-ma","status":"publish","type":"post","link":"https:\/\/blog.polityka.pl\/adamczewski\/2010\/03\/05\/dzik-jest-dziki-dzik-jest-zly-a-zajaczka-nie-ma\/","title":{"rendered":"&#8230;a zaj\u0105czka nie ma"},"content":{"rendered":"<p>To przykry temat dla mnie mi\u0142o\u015bnika dziczyzny na talerzu. Ale niew\u0105tpliwie to temat o kt\u00f3rym powinno si\u0119 du\u017co i g\u0142o\u015bno m\u00f3wi\u0107. No to do dzie\u0142a!<\/p>\n<p>&#8222;Je\u015bli nie uda si\u0119 powstrzyma\u0107 tego spadku populacji, wkr\u00f3tce szaraki mog\u0105 ca\u0142kowicie wygin\u0105\u0107&#8221; &#8211; alarmuje Magdalena Misiorowska ze Szko\u0142y G\u0142\u00f3wnej Gospodarstwa Wiejskiego na \u0142amach jednego z dziennik\u00f3w.<\/p>\n<p>Sytuacja jest tak fatalna, \u017ce Polska, kt\u00f3ra jeszcze w latach 70. eksportowa\u0142a zaj\u0105ce, teraz musi je importowa\u0107. &#8222;W niekt\u00f3rych rejonach, jak Pomorze i Bia\u0142ostocczyzna, populacja szarak\u00f3w jest tak ma\u0142a, \u017ce nie maj\u0105 szans na samodzielne odrodzenie si\u0119. Tylko w tym roku wypu\u015bcili\u015bmy tam na wolno\u015b\u0107 ponad tysi\u0105c sprowadzonych zaj\u0119cy&#8221; &#8211; m\u00f3wi\u00a0 &#8222;Dziennikowi&#8221;\u00a0Eugeniusz Gwiazdowski, kt\u00f3ry zajmuje si\u0119 importem szarak\u00f3w ze S\u0142owacji. Akcje sprowadzania zaj\u0119cy prowadzi ju\u017c nawet kilkana\u015bcie k\u00f3\u0142 \u0142owieckich.<\/p>\n<p>Sprowadzenie zaj\u0119cy mo\u017ce by\u0107 jedyn\u0105 szans\u0105 na uratowanie gatunku, bo przyczyn wymierania nie da si\u0119 \u0142atwo wyeliminowa\u0107. Szarakom szkodz\u0105 zmiany w rolnictwie &#8211; przez wielkoobszarowe uprawy z p\u00f3l znikaj\u0105 miedze i rosn\u0105ce na nich krzaki i drzewa, g\u0142\u00f3wne miejsca schronienia zaj\u0119cy. Winne s\u0105 te\u017c lisy &#8211; odk\u0105d w lasach rozrzucana jest szczepionka przeciwko w\u015bciekli\u017anie, liczba rudych drapie\u017cnik\u00f3w wzros\u0142a w Polsce prawie czterokrotnie. A doros\u0142y lis potrafi w ci\u0105gu roku upolowa\u0107 nawet 40 zaj\u0119cy. Do zag\u0142ady gatunku dok\u0142adaj\u0105 si\u0119 epidemie chor\u00f3b , a tak\u017ce coraz wi\u0119ksza liczba samochod\u00f3w i dr\u00f3g , pod kt\u00f3rymi nie s\u0105 budowane przepusty dla zwierz\u0105t.<\/p>\n<p>&#8222;Na razie jest niewielka nadzieja dla zaj\u0119cy&#8221; &#8211; m\u00f3wi Magdalena Misiorowska, kt\u00f3ra prowadzi pierwsze w Polsce telemetryczne badania szarak\u00f3w. W lesie ko\u0142o Garwolina wypuszczane s\u0105 zwierz\u0119ta z obro\u017cami z antenkami na szyi. &#8222;Dzi\u0119ki nadajnikom wiem, ile zaj\u0119cy prze\u017cywa, a je\u015bli gin\u0105, to odnajduj\u0119 obro\u017c\u0119 i mog\u0119 pozna\u0107 przyczyny \u015bmierci&#8221; &#8211; t\u0142umaczy. Dzi\u0119ki badaniom wiadomo te\u017c b\u0119dzie, czy ponowne zasiedlanie polskich las\u00f3w i p\u00f3l importowanymi zaj\u0105cami mo\u017ce by\u0107 ratunkiem dla tych zwierz\u0105t. &#8222;Na terenie bada\u0144 uda\u0142o si\u0119 utrzyma\u0107 populacj\u0119 na tym samym poziomie. Nie zwi\u0119ksza si\u0119, ale i nie maleje, a to ju\u017c spory sukces&#8221; &#8211; m\u00f3wi Magdalena Misiorowska.<\/p>\n<p>W Polsce \u017cyje dzi\u015b oko\u0142o p\u00f3\u0142 miliona zaj\u0119cy. . Na pocz\u0105tku lat 90. By\u0142o ich\u00a0 ponad milion, a w 1970 r. \u017cy\u0142o ich ponad 3 mln.<\/p>\n<p>Najwi\u0119kszym wrogiem szaraka jest (oczywi\u015bcie poza cz\u0142owiekiem) lis.\u00a0 W polskich lasach biega sobie\u00a0 ponad dwie\u015bcie tysi\u0119cy rudzielc\u00f3w z kit\u0105, cho\u0107 jeszcze nieca\u0142e dwie dekady temu by\u0142o ich zaledwie 55 tys. Ka\u017cdy lis rocznie zjada (je\u015bli mu si\u0119 uda znale\u017a\u0107 dobry teren \u0142owiecki) 35 zaj\u0119cy. I to ju\u017c jest niemal hekatomba.\u00a0 Jak ocali\u0107 zaj\u0105ce? Niekt\u00f3re ko\u0142a \u0142owieckie ograniczaj\u0105 albo wstrzymuj\u0105 ca\u0142kiem polowania na szaraki. My za\u015b\u00a0&#8211; smakosze\u00a0&#8211; mo\u017cemy og\u0142osi\u0107 w tej mierze \u015bcis\u0142y post. Ja og\u0142aszam. Na razie do przysz\u0142ego sezonu!<\/p>\n<p>Jako dodatek zaproszenie na imprez\u0119 przygotowan\u0105 przez szale\u0144c\u00f3w usi\u0142ujacych odrodzi\u0107 Bazar Banacha:<\/p>\n<p>\u00a0<strong>Kaziuki na Banacha<br \/>\n<\/strong>Kaziuki to jarmarki odpustowe, kt\u00f3re od czterystu lat odbywaj\u0105 si\u0119 w Wilnie w zwi\u0105zku z uroczysto\u015bci\u0105 \u015bw. Kazimierza, kr\u00f3lewicza. S\u0142yn\u0105 z kresowych przysmak\u00f3w, takich jak cepeliny, czarny chleb, piernikowe serca. Ostatnimi czasy Kaziuki urz\u0105dzane s\u0105 te\u017c w kilku miastach w Polsce, na przyk\u0142ad w Suwa\u0142kach i w Poznaniu. Od dzi\u015b jarmark kaziukowy odbywa si\u0119 i w Warszawie.<br \/>\nDlaczego urz\u0105dzamy Kaziuki? Poniewa\u017c przypominaj\u0105 o jednym z ulubionych polskich i litewskich \u015bwi\u0119tych, s\u0105 radosnym spotkaniem z tradycj\u0105 i wieszcz\u0105 nadej\u015bcie wiosny.<br \/>\nDlaczego urz\u0105dzamy Kaziuki na Targu Banacha? Poniewa\u017c Targ Banacha, ze wzgl\u0119du na swoje zwi\u0105zki z Litw\u0105, jest jedynym, a z pewno\u015bci\u0105 najlepszym w Warszawie miejscem dla jarmarku kaziukowego. Nasz bazar znajduje si\u0119 bowiem nie opodal pozosta\u0142o\u015bci dawnego dworu \u015bredniowiecznego ksi\u0119cia Trojdena, syna litewskiej ksi\u0119\u017cniczki Gaudemundy Zofii i ksi\u0119cia Boles\u0142awa II.<br \/>\n6 marca mi\u0119dzy 10 a 14 warto wpa\u015b\u0107 na Bazar Banacha by pozna\u0107 jak smakuj\u0105 Kaziuki!<\/p>\n","protected":false},"excerpt":{"rendered":"<p>To przykry temat dla mnie mi\u0142o\u015bnika dziczyzny na talerzu. Ale niew\u0105tpliwie to temat o kt\u00f3rym powinno si\u0119 du\u017co i g\u0142o\u015bno m\u00f3wi\u0107. No to do dzie\u0142a! &#8222;Je\u015bli nie uda si\u0119 powstrzyma\u0107 tego spadku populacji, wkr\u00f3tce szaraki mog\u0105 ca\u0142kowicie wygin\u0105\u0107&#8221; &#8211; alarmuje Magdalena Misiorowska ze Szko\u0142y G\u0142\u00f3wnej Gospodarstwa Wiejskiego na \u0142amach jednego z dziennik\u00f3w. Sytuacja jest tak [&hellip;]<\/p>\n","protected":false},"author":2,"featured_media":0,"comment_status":"open","ping_status":"open","sticky":false,"template":"","format":"standard","meta":{"footnotes":""},"categories":[1],"tags":[],"_links":{"self":[{"href":"https:\/\/blog.polityka.pl\/adamczewski\/wp-json\/wp\/v2\/posts\/1597"}],"collection":[{"href":"https:\/\/blog.polityka.pl\/adamczewski\/wp-json\/wp\/v2\/posts"}],"about":[{"href":"https:\/\/blog.polityka.pl\/adamczewski\/wp-json\/wp\/v2\/types\/post"}],"author":[{"embeddable":true,"href":"https:\/\/blog.polityka.pl\/adamczewski\/wp-json\/wp\/v2\/users\/2"}],"replies":[{"embeddable":true,"href":"https:\/\/blog.polityka.pl\/adamczewski\/wp-json\/wp\/v2\/comments?post=1597"}],"version-history":[{"count":0,"href":"https:\/\/blog.polityka.pl\/adamczewski\/wp-json\/wp\/v2\/posts\/1597\/revisions"}],"wp:attachment":[{"href":"https:\/\/blog.polityka.pl\/adamczewski\/wp-json\/wp\/v2\/media?parent=1597"}],"wp:term":[{"taxonomy":"category","embeddable":true,"href":"https:\/\/blog.polityka.pl\/adamczewski\/wp-json\/wp\/v2\/categories?post=1597"},{"taxonomy":"post_tag","embeddable":true,"href":"https:\/\/blog.polityka.pl\/adamczewski\/wp-json\/wp\/v2\/tags?post=1597"}],"curies":[{"name":"wp","href":"https:\/\/api.w.org\/{rel}","templated":true}]}}