
{"id":15990,"date":"2016-01-15T07:00:59","date_gmt":"2016-01-15T06:00:59","guid":{"rendered":"http:\/\/adamczewski.blog.polityka.pl\/?p=15990"},"modified":"2016-01-15T08:55:31","modified_gmt":"2016-01-15T07:55:31","slug":"widzialem-swiat-innymi-oczami","status":"publish","type":"post","link":"https:\/\/blog.polityka.pl\/adamczewski\/2016\/01\/15\/widzialem-swiat-innymi-oczami\/","title":{"rendered":"Widzia\u0142em \u015bwiat innymi oczami"},"content":{"rendered":"<p>By\u0142em tam par\u0119 razy, a ostatnio nawet stosunkowo niedawno.<br \/>\n<!--more--><br \/>\nMam w oczach widok zabitych dykt\u0105 okien wystawowych, \u015bmieci walaj\u0105ce si\u0119 po ulicach i ludzi patrz\u0105cych z zazdro\u015bci\u0105 na tych, kt\u00f3rych sta\u0107 na jadanie w nielicznych restauracjach.<\/p>\n<p>Oczywi\u015bcie, \u017ce to niepe\u0142ny obraz Grecji. S\u0105 bowiem miejsca, w kt\u00f3rych \u017cycie nadal kwitnie, a tury\u015bci wal\u0105 samolotami i statkami w niewiele mniejszej liczbie ni\u017c uciekinierzy z Bliskiego Wschodu.<\/p>\n<p>Filmik, kt\u00f3ry obejrza\u0142em w telewizji, nie wspomina jednak o tej ciemniejszej stronie \u017cycia pogr\u0105\u017conej w kryzysie Helladzie. Nie by\u0142em jednak w stanie cieszy\u0107 si\u0119 obrazkami pokazuj\u0105cymi raj.<\/p>\n<p>Taka jest jednak moc telewizji, \u017ce jeszcze kilka emisji i mo\u017cemy wszyscy zapomnie\u0107, \u017ce to fa\u0142szywy obraz. Pisz\u0119 o tym, bo podobnie mo\u017cna przedstawi\u0107 i nasz kraj. Natr\u0119tno\u015b\u0107 i kompletny brak obiektywizmu mo\u017ce doprowadzi\u0107 do tego, \u017ce cz\u0119\u015b\u0107 z widz\u00f3w uwierzy w prawd\u0119 obrazu i komentarzy.<\/p>\n<p>Trzeba o tym pami\u0119ta\u0107. A najlepiej zamiast siedzie\u0107 przed telewizorem zrobi\u0107 zakupy na najbli\u017cszym targu i wr\u00f3ci\u0107 do kuchni, gdzie wszystko b\u0119dzie prawdziwe (wystarczy pomaca\u0107 d\u0142ugachne i aksamitne li\u015bcie szpinaku lub zajrze\u0107 b\u0142yszcz\u0105ce oczy oprawianej ryby) i smakowite.<\/p>\n","protected":false},"excerpt":{"rendered":"<p>By\u0142em tam par\u0119 razy, a ostatnio nawet stosunkowo niedawno.<\/p>\n","protected":false},"author":2,"featured_media":0,"comment_status":"open","ping_status":"closed","sticky":false,"template":"","format":"standard","meta":{"footnotes":""},"categories":[1],"tags":[],"_links":{"self":[{"href":"https:\/\/blog.polityka.pl\/adamczewski\/wp-json\/wp\/v2\/posts\/15990"}],"collection":[{"href":"https:\/\/blog.polityka.pl\/adamczewski\/wp-json\/wp\/v2\/posts"}],"about":[{"href":"https:\/\/blog.polityka.pl\/adamczewski\/wp-json\/wp\/v2\/types\/post"}],"author":[{"embeddable":true,"href":"https:\/\/blog.polityka.pl\/adamczewski\/wp-json\/wp\/v2\/users\/2"}],"replies":[{"embeddable":true,"href":"https:\/\/blog.polityka.pl\/adamczewski\/wp-json\/wp\/v2\/comments?post=15990"}],"version-history":[{"count":2,"href":"https:\/\/blog.polityka.pl\/adamczewski\/wp-json\/wp\/v2\/posts\/15990\/revisions"}],"predecessor-version":[{"id":15993,"href":"https:\/\/blog.polityka.pl\/adamczewski\/wp-json\/wp\/v2\/posts\/15990\/revisions\/15993"}],"wp:attachment":[{"href":"https:\/\/blog.polityka.pl\/adamczewski\/wp-json\/wp\/v2\/media?parent=15990"}],"wp:term":[{"taxonomy":"category","embeddable":true,"href":"https:\/\/blog.polityka.pl\/adamczewski\/wp-json\/wp\/v2\/categories?post=15990"},{"taxonomy":"post_tag","embeddable":true,"href":"https:\/\/blog.polityka.pl\/adamczewski\/wp-json\/wp\/v2\/tags?post=15990"}],"curies":[{"name":"wp","href":"https:\/\/api.w.org\/{rel}","templated":true}]}}