
{"id":16002,"date":"2016-01-25T13:45:19","date_gmt":"2016-01-25T12:45:19","guid":{"rendered":"http:\/\/adamczewski.blog.polityka.pl\/?p=16002"},"modified":"2016-01-25T14:45:29","modified_gmt":"2016-01-25T13:45:29","slug":"drodzy-czytelnicy","status":"publish","type":"post","link":"https:\/\/blog.polityka.pl\/adamczewski\/2016\/01\/25\/drodzy-czytelnicy\/","title":{"rendered":"Drodzy Czytelnicy"},"content":{"rendered":"<p>B\u0119d\u0119 pisa\u0142 teraz przez par\u0119 dni mniej, bo tu, gdzie jestem, dla zwyk\u0142ych ludzi nie ma sieci, tylko dla obs\u0142ugi, i musz\u0119 korzysta\u0107 z pomocy Basi jako kuriera.<br \/>\n<!--more--><br \/>\nNawet my\u015blenie jest utrudnione. Widok dach\u00f3w w Warszawie w \u015bniegu jest pi\u0119kny, ale nie rekompensuje kontaktu z blogiem. Mam nadziej\u0119, \u017ce izolacja b\u0119dzie kr\u00f3tka. Tymczasem wszystkich \u015bciskam.<\/p>\n","protected":false},"excerpt":{"rendered":"<p>B\u0119d\u0119 pisa\u0142 teraz przez par\u0119 dni mniej, bo tu, gdzie jestem, dla zwyk\u0142ych ludzi nie ma sieci, tylko dla obs\u0142ugi, i musz\u0119 korzysta\u0107 z pomocy Basi jako kuriera.<\/p>\n","protected":false},"author":2,"featured_media":0,"comment_status":"open","ping_status":"closed","sticky":false,"template":"","format":"standard","meta":{"footnotes":""},"categories":[1],"tags":[],"_links":{"self":[{"href":"https:\/\/blog.polityka.pl\/adamczewski\/wp-json\/wp\/v2\/posts\/16002"}],"collection":[{"href":"https:\/\/blog.polityka.pl\/adamczewski\/wp-json\/wp\/v2\/posts"}],"about":[{"href":"https:\/\/blog.polityka.pl\/adamczewski\/wp-json\/wp\/v2\/types\/post"}],"author":[{"embeddable":true,"href":"https:\/\/blog.polityka.pl\/adamczewski\/wp-json\/wp\/v2\/users\/2"}],"replies":[{"embeddable":true,"href":"https:\/\/blog.polityka.pl\/adamczewski\/wp-json\/wp\/v2\/comments?post=16002"}],"version-history":[{"count":2,"href":"https:\/\/blog.polityka.pl\/adamczewski\/wp-json\/wp\/v2\/posts\/16002\/revisions"}],"predecessor-version":[{"id":16004,"href":"https:\/\/blog.polityka.pl\/adamczewski\/wp-json\/wp\/v2\/posts\/16002\/revisions\/16004"}],"wp:attachment":[{"href":"https:\/\/blog.polityka.pl\/adamczewski\/wp-json\/wp\/v2\/media?parent=16002"}],"wp:term":[{"taxonomy":"category","embeddable":true,"href":"https:\/\/blog.polityka.pl\/adamczewski\/wp-json\/wp\/v2\/categories?post=16002"},{"taxonomy":"post_tag","embeddable":true,"href":"https:\/\/blog.polityka.pl\/adamczewski\/wp-json\/wp\/v2\/tags?post=16002"}],"curies":[{"name":"wp","href":"https:\/\/api.w.org\/{rel}","templated":true}]}}