
{"id":16006,"date":"2016-02-01T07:00:38","date_gmt":"2016-02-01T06:00:38","guid":{"rendered":"http:\/\/adamczewski.blog.polityka.pl\/?p=16006"},"modified":"2016-02-01T11:01:00","modified_gmt":"2016-02-01T10:01:00","slug":"lepiej-krocej-niz-dluzej","status":"publish","type":"post","link":"https:\/\/blog.polityka.pl\/adamczewski\/2016\/02\/01\/lepiej-krocej-niz-dluzej\/","title":{"rendered":"Lepiej kr\u00f3cej ni\u017c d\u0142u\u017cej"},"content":{"rendered":"<p>Wystarczy\u0142y dwa tygodnie poza sieci\u0105, by tyle rzeczy pozapomina\u0107. Teraz wszystkiego musz\u0119 uczy\u0107 si\u0119 od pocz\u0105tku, ale od czego ma si\u0119 wnuka. W ci\u0105gu kilkudziesi\u0119ciu minut przywr\u00f3ci\u0142 mi pami\u0119\u0107 i zn\u00f3w mog\u0119 funkcjonowa\u0107 blogowo.<br \/>\n<!--more--><br \/>\nPrzyzna\u0107 te\u017c musz\u0119, \u017ce bardzo t\u0119skni\u0142em za nasz\u0105 paczk\u0105. Przez najbli\u017csze dni nie b\u0119d\u0119 si\u0119 rozpisywa\u0142, bo jeszcze nie jestem w formie. Ale najwa\u017cniejsze, \u017ce wracam do niez\u0142ej formy.<\/p>\n<p>Wprawdzie by\u015bcie mnie nie poznali, bo wa\u017c\u0119 zaledwie 60 kg, ale b\u0119d\u0119 si\u0119 stara\u0142 troch\u0119 uty\u0107, by lepiej si\u0119 porusza\u0107.<\/p>\n<p>Tymczasem wi\u0119c \u015bciskam wszystkich serdecznie i my\u015bl\u0119 nad kilkoma tematami jednocze\u015bnie. A od sieci nie dam si\u0119 ju\u017c odepchn\u0105\u0107. Tam, gdzie by\u0142em, osi\u0105galna bowiem by\u0142a wy\u0142\u0105cznie dla personelu, a tacy jak jak ja musieli si\u0119 obej\u015b\u0107 smakiem.<\/p>\n","protected":false},"excerpt":{"rendered":"<p>Wystarczy\u0142y dwa tygodnie poza sieci\u0105, by tyle rzeczy pozapomina\u0107. Teraz wszystkiego musz\u0119 uczy\u0107 si\u0119 od pocz\u0105tku, ale od czego ma si\u0119 wnuka. W ci\u0105gu kilkudziesi\u0119ciu minut przywr\u00f3ci\u0142 mi pami\u0119\u0107 i zn\u00f3w mog\u0119 funkcjonowa\u0107 blogowo.<\/p>\n","protected":false},"author":2,"featured_media":0,"comment_status":"open","ping_status":"closed","sticky":false,"template":"","format":"standard","meta":{"footnotes":""},"categories":[1],"tags":[],"_links":{"self":[{"href":"https:\/\/blog.polityka.pl\/adamczewski\/wp-json\/wp\/v2\/posts\/16006"}],"collection":[{"href":"https:\/\/blog.polityka.pl\/adamczewski\/wp-json\/wp\/v2\/posts"}],"about":[{"href":"https:\/\/blog.polityka.pl\/adamczewski\/wp-json\/wp\/v2\/types\/post"}],"author":[{"embeddable":true,"href":"https:\/\/blog.polityka.pl\/adamczewski\/wp-json\/wp\/v2\/users\/2"}],"replies":[{"embeddable":true,"href":"https:\/\/blog.polityka.pl\/adamczewski\/wp-json\/wp\/v2\/comments?post=16006"}],"version-history":[{"count":4,"href":"https:\/\/blog.polityka.pl\/adamczewski\/wp-json\/wp\/v2\/posts\/16006\/revisions"}],"predecessor-version":[{"id":16015,"href":"https:\/\/blog.polityka.pl\/adamczewski\/wp-json\/wp\/v2\/posts\/16006\/revisions\/16015"}],"wp:attachment":[{"href":"https:\/\/blog.polityka.pl\/adamczewski\/wp-json\/wp\/v2\/media?parent=16006"}],"wp:term":[{"taxonomy":"category","embeddable":true,"href":"https:\/\/blog.polityka.pl\/adamczewski\/wp-json\/wp\/v2\/categories?post=16006"},{"taxonomy":"post_tag","embeddable":true,"href":"https:\/\/blog.polityka.pl\/adamczewski\/wp-json\/wp\/v2\/tags?post=16006"}],"curies":[{"name":"wp","href":"https:\/\/api.w.org\/{rel}","templated":true}]}}