
{"id":16010,"date":"2016-02-02T07:00:07","date_gmt":"2016-02-02T06:00:07","guid":{"rendered":"http:\/\/adamczewski.blog.polityka.pl\/?p=16010"},"modified":"2016-02-01T11:01:53","modified_gmt":"2016-02-01T10:01:53","slug":"znowu-dom-pustoszeje","status":"publish","type":"post","link":"https:\/\/blog.polityka.pl\/adamczewski\/2016\/02\/02\/znowu-dom-pustoszeje\/","title":{"rendered":"Znowu dom pustoszeje"},"content":{"rendered":"<p>Przez ca\u0142\u0105 niemal sobot\u0119 i niedziel\u0119 by\u0142o w domu t\u0142oczno i weso\u0142o. Wizyta m\u0142odzie\u017cy trwa\u0142a wiele godzin. \u017bartom wprost nie by\u0142o ko\u0144ca. W dodatku wszyscy objadali si\u0119 gor\u0105cym i \u015bwie\u017cym ciastem dro\u017cd\u017cowym z kruszonk\u0105. A za oknem \u015bwieci\u0142o s\u0142onko, czyli nadchodzi nasza ulubiona pora roku \u2013 wiosna!<br \/>\n<!--more--><br \/>\nRado\u015b\u0107 jednak szybko przemija i domy nasze opustosza\u0142y. Cz\u0119\u015b\u0107 smarkaterii wyruszy\u0142a we w\u0142oskie g\u00f3ry, by prowadzi\u0107 zaj\u0119cia w szko\u0142ach narciarskich dla cudzoziemc\u00f3w i zarobi\u0107 nieco grosza. A druga cz\u0119\u015b\u0107 zarobione pieni\u0105dze po prostu wydaje. Wszyscy s\u0105 zadowoleni.<\/p>\n<p>Tymczasem ja przygotowuj\u0119 rodzinne przyj\u0119cia \u2013 b\u0119d\u0105 imieniny Agaty, a zaraz po nich (nie pami\u0119tam ju\u017c, kt\u00f3re) urodziny tej\u017ce samej solenizantki.<\/p>\n<p>Repertuar jest prosty: bezowy tort Pavlova z truskawkami, a jako danie g\u0142\u00f3wne spaghetti carbonara. Prawd\u0119 m\u00f3wi\u0105c, nigdy nam si\u0119 to nie znudzi.<\/p>\n<p>No to do zobaczenia przy stole!<\/p>\n","protected":false},"excerpt":{"rendered":"<p>Przez ca\u0142\u0105 niemal sobot\u0119 i niedziel\u0119 by\u0142o w domu t\u0142oczno i weso\u0142o. Wizyta m\u0142odzie\u017cy trwa\u0142a wiele godzin. \u017bartom wprost nie by\u0142o ko\u0144ca. W dodatku wszyscy objadali si\u0119 gor\u0105cym i \u015bwie\u017cym ciastem dro\u017cd\u017cowym z kruszonk\u0105. A za oknem \u015bwieci\u0142o s\u0142onko, czyli nadchodzi nasza ulubiona pora roku \u2013 wiosna!<\/p>\n","protected":false},"author":2,"featured_media":0,"comment_status":"open","ping_status":"closed","sticky":false,"template":"","format":"standard","meta":{"footnotes":""},"categories":[1],"tags":[],"_links":{"self":[{"href":"https:\/\/blog.polityka.pl\/adamczewski\/wp-json\/wp\/v2\/posts\/16010"}],"collection":[{"href":"https:\/\/blog.polityka.pl\/adamczewski\/wp-json\/wp\/v2\/posts"}],"about":[{"href":"https:\/\/blog.polityka.pl\/adamczewski\/wp-json\/wp\/v2\/types\/post"}],"author":[{"embeddable":true,"href":"https:\/\/blog.polityka.pl\/adamczewski\/wp-json\/wp\/v2\/users\/2"}],"replies":[{"embeddable":true,"href":"https:\/\/blog.polityka.pl\/adamczewski\/wp-json\/wp\/v2\/comments?post=16010"}],"version-history":[{"count":3,"href":"https:\/\/blog.polityka.pl\/adamczewski\/wp-json\/wp\/v2\/posts\/16010\/revisions"}],"predecessor-version":[{"id":16017,"href":"https:\/\/blog.polityka.pl\/adamczewski\/wp-json\/wp\/v2\/posts\/16010\/revisions\/16017"}],"wp:attachment":[{"href":"https:\/\/blog.polityka.pl\/adamczewski\/wp-json\/wp\/v2\/media?parent=16010"}],"wp:term":[{"taxonomy":"category","embeddable":true,"href":"https:\/\/blog.polityka.pl\/adamczewski\/wp-json\/wp\/v2\/categories?post=16010"},{"taxonomy":"post_tag","embeddable":true,"href":"https:\/\/blog.polityka.pl\/adamczewski\/wp-json\/wp\/v2\/tags?post=16010"}],"curies":[{"name":"wp","href":"https:\/\/api.w.org\/{rel}","templated":true}]}}