
{"id":16012,"date":"2016-02-03T07:00:34","date_gmt":"2016-02-03T06:00:34","guid":{"rendered":"http:\/\/adamczewski.blog.polityka.pl\/?p=16012"},"modified":"2016-02-01T11:15:38","modified_gmt":"2016-02-01T10:15:38","slug":"czy-herbate-mozna-jesc-2","status":"publish","type":"post","link":"https:\/\/blog.polityka.pl\/adamczewski\/2016\/02\/03\/czy-herbate-mozna-jesc-2\/","title":{"rendered":"Czy herbat\u0119 mo\u017cna je\u015b\u0107?"},"content":{"rendered":"<p>Oczywi\u015bcie, \u017ce mo\u017cna. Wiedzia\u0142em to jeszcze przed podr\u00f3\u017c\u0105 do krainy herbaty.<br \/>\n<!--more--><br \/>\nPrzyrz\u0105dza\u0142em bowiem wed\u0142ug azjatyckiego przepisu steki tu\u0144czyka pieczone w dymie z herbaty. W chi\u0144skim woku ustawia\u0142em rusztowanie z drutu, na kt\u00f3rym uk\u0142ada\u0142em kawa\u0142y ryby uprzednio marynowane w zio\u0142ach, oliwie, sosie sojowym i soku z cytryny, a na dno naczynia wsypywa\u0142em \u0142y\u017ceczk\u0119 li\u015bci herbaty. Stara\u0142em si\u0119 dobra\u0107 najwi\u0119ksze listki. Ustawia\u0142em wok na kuchence i w\u0142\u0105cza\u0142em ogrzewanie. Po chwili listki herbaty zaczyna\u0142y dymi\u0107 i okadza\u0107 tu\u0144czyka. Po kilkunastu minutach ryba by\u0142a gotowa.<\/p>\n<p>Teraz mam kilka nowych przepis\u00f3w. I wiem, ze s\u0105 doskona\u0142e, bo jad\u0142em dania wed\u0142ug nich przyrz\u0105dzane. W firmie Dilmah jest ca\u0142y dzia\u0142 zajmuj\u0105cy si\u0119 daniami i napojami robionymi z udzia\u0142em herbaty. Uczestniczyli\u015bmy w degustacji nowych gatunk\u00f3w herbat i w dobieraniu towarzysz\u0105cych im potraw. Spo\u015br\u00f3d kilkunastu propozycji w mojej pami\u0119ci smakowej zosta\u0142y dwie: czekoladowy tort z herbat\u0105 o smaku mi\u0119towym i \u2013 to by\u0142 szczyt wyrafinowania \u2013 pikantne paszteciki z kokosowego ciasta z rybnym farszem popijane herbat\u0105 Earl Gray.<\/p>\n<p>Popisem kiper\u00f3w Merrilla J. Fernando i szefa kuchni hotelu Hilton w Colombo by\u0142a po\u017cegnalna kolacja. Na przek\u0105sk\u0119 podano nam ryb\u0119 w\u0119dzon\u0105 w li\u015bciach herbaty z czarn\u0105 i czerwon\u0105 musztard\u0105 oraz sma\u017cone kwiaty cukinii faszerowane musem z tej\u017ce ryby i pur\u00e9e tak\u017ce z cukinii. Nic delikatniejszego i bardziej aromatycznego nie mieli\u015bmy w ustach od dawna. Potem wp\u0142yn\u0119\u0142a na st\u00f3\u0142 zupa z homara ozdobiona Pesto przyrz\u0105dzonym z Dilmah Silver Tip, czyli z najdro\u017cszych srebrzystych listk\u00f3w herbaty. Normalnie s\u0142u\u017c\u0105 one do produkcji bia\u0142ej herbaty.<\/p>\n<p>Pomi\u0119dzy zup\u0105 a daniem g\u0142\u00f3wnym podano sorbet. A by\u0142 to sorbet z udzia\u0142em herbaty cytrynowej. I do tego podany w glinianym naczynku, z kt\u00f3rego wydobywa\u0142y si\u0119 k\u0142\u0119by pary. Efekt ten uzyskano dzi\u0119ki suchemu lodowi polanemu odrobina wody. Danie zar\u00f3wno kuglarskie, jak i smaczne. A w dodatku przywracaj\u0105ce apetyt.<\/p>\n<p>Kolejnym daniem by\u0142a pier\u015b kurczaka w cie\u015bcie nale\u015bnikowym z sosem z herbaty Earl Gray oraz placuszki z tym\u017ce kurczakiem w kremie czosnkowym. Dodatkiem by\u0142y kluseczki faszerowane pur\u00e9e z fasoli i warzyw.<\/p>\n<p>Na deser by\u0142 serowy suflet z le\u015bnymi jagodami i lody aromatyzowane zielona herbat\u0105 z plantacji gospodarzy.<\/p>\n<p>Do dzi\u015b na wspomnienie tych rozkoszy leci nam \u015blinka. Cdn.<\/p>\n","protected":false},"excerpt":{"rendered":"<p>Oczywi\u015bcie, \u017ce mo\u017cna. Wiedzia\u0142em to jeszcze przed podr\u00f3\u017c\u0105 do krainy herbaty.<\/p>\n","protected":false},"author":2,"featured_media":0,"comment_status":"open","ping_status":"closed","sticky":false,"template":"","format":"standard","meta":{"footnotes":""},"categories":[1],"tags":[],"_links":{"self":[{"href":"https:\/\/blog.polityka.pl\/adamczewski\/wp-json\/wp\/v2\/posts\/16012"}],"collection":[{"href":"https:\/\/blog.polityka.pl\/adamczewski\/wp-json\/wp\/v2\/posts"}],"about":[{"href":"https:\/\/blog.polityka.pl\/adamczewski\/wp-json\/wp\/v2\/types\/post"}],"author":[{"embeddable":true,"href":"https:\/\/blog.polityka.pl\/adamczewski\/wp-json\/wp\/v2\/users\/2"}],"replies":[{"embeddable":true,"href":"https:\/\/blog.polityka.pl\/adamczewski\/wp-json\/wp\/v2\/comments?post=16012"}],"version-history":[{"count":4,"href":"https:\/\/blog.polityka.pl\/adamczewski\/wp-json\/wp\/v2\/posts\/16012\/revisions"}],"predecessor-version":[{"id":16019,"href":"https:\/\/blog.polityka.pl\/adamczewski\/wp-json\/wp\/v2\/posts\/16012\/revisions\/16019"}],"wp:attachment":[{"href":"https:\/\/blog.polityka.pl\/adamczewski\/wp-json\/wp\/v2\/media?parent=16012"}],"wp:term":[{"taxonomy":"category","embeddable":true,"href":"https:\/\/blog.polityka.pl\/adamczewski\/wp-json\/wp\/v2\/categories?post=16012"},{"taxonomy":"post_tag","embeddable":true,"href":"https:\/\/blog.polityka.pl\/adamczewski\/wp-json\/wp\/v2\/tags?post=16012"}],"curies":[{"name":"wp","href":"https:\/\/api.w.org\/{rel}","templated":true}]}}